{"id":9737,"date":"2023-02-13T07:41:33","date_gmt":"2023-02-13T07:41:33","guid":{"rendered":"https:\/\/www.grupozaragoza.com\/?p=9737"},"modified":"2023-07-21T12:19:19","modified_gmt":"2023-07-21T10:19:19","slug":"il-grupo-zaragoza-inizia-la-costruzione-del-suo-primo-parco-solare-a-talayuela-caceres","status":"publish","type":"post","link":"https:\/\/www.grupozaragoza.com\/it\/noticias-it\/il-grupo-zaragoza-inizia-la-costruzione-del-suo-primo-parco-solare-a-talayuela-caceres\/","title":{"rendered":"Il GRUPO ZARAGOZ\u00c1 inizia la costruzione del suo primo parco solare a Talayuela (C\u00e1ceres)"},"content":{"rendered":"<p>Si tratta dell&#8217;impianto di Talayuela III, con una capacit\u00e0 installata di 21,40 MWp, che offrir\u00e0 oltre 150 posti di lavoro durante la realizzazione.<\/p>\n<p>Avr\u00e0 32.832 moduli fotovoltaici con tecnologia PERC montati su una struttura con inseguitore monoassiale e generer\u00e0 oltre 43.714 MWh all&#8217;anno, prevenendo l&#8217;emissione di circa 34.845 Tn\/Anno di CO\u2082 nell&#8217;atmosfera.<\/p>\n","protected":false},"excerpt":{"rendered":"<p>Si tratta dell&#8217;impianto di Talayuela III, con una capacit\u00e0 installata di 21,40 MWp, che offrir\u00e0 oltre 150 posti di lavoro durante la realizzazione. Avr\u00e0 32.832 moduli fotovoltaici con tecnologia PERC montati su una struttura con inseguitore monoassiale e generer\u00e0 oltre 43.714 MWh all&#8217;anno, prevenendo l&#8217;emissione&#8230;<\/p>\n","protected":false},"author":4,"featured_media":9738,"comment_status":"open","ping_status":"open","sticky":false,"template":"","format":"standard","meta":{"_acf_changed":false,"footnotes":""},"categories":[81],"tags":[],"class_list":["post-9737","post","type-post","status-publish","format-standard","has-post-thumbnail","hentry","category-noticias-it"],"acf":[],"yoast_head":"<!-- This site is optimized with the Yoast SEO plugin v26.8 - https:\/\/yoast.com\/product\/yoast-seo-wordpress\/ -->\n<title>Il GRUPO ZARAGOZ\u00c1 inizia la costruzione del suo primo parco solare a Talayuela (C\u00e1ceres) - Grupo Zaragoz\u00e1<\/title>\n<meta name=\"description\" content=\"Il GRUPO ZARAGOZ\u00c1 inizia la costruzione del suo primo parco solare a Talayuela (C\u00e1ceres) - Grupo Zaragoz\u00e1\" \/>\n<meta name=\"robots\" content=\"index, follow, max-snippet:-1, max-image-preview:large, max-video-preview:-1\" \/>\n<link rel=\"canonical\" href=\"https:\/\/www.grupozaragoza.com\/it\/noticias-it\/il-grupo-zaragoza-inizia-la-costruzione-del-suo-primo-parco-solare-a-talayuela-caceres\/\" \/>\n<meta property=\"og:locale\" content=\"it_IT\" \/>\n<meta property=\"og:type\" content=\"article\" \/>\n<meta property=\"og:title\" content=\"Il GRUPO ZARAGOZ\u00c1 inizia la costruzione del suo primo parco solare a Talayuela (C\u00e1ceres) - Grupo Zaragoz\u00e1\" \/>\n<meta property=\"og:description\" content=\"Il GRUPO ZARAGOZ\u00c1 inizia la costruzione del suo primo parco solare a Talayuela (C\u00e1ceres) - Grupo Zaragoz\u00e1\" \/>\n<meta property=\"og:url\" content=\"https:\/\/www.grupozaragoza.com\/it\/noticias-it\/il-grupo-zaragoza-inizia-la-costruzione-del-suo-primo-parco-solare-a-talayuela-caceres\/\" \/>\n<meta property=\"og:site_name\" content=\"Grupo Zaragoz\u00e1\" \/>\n<meta property=\"article:published_time\" content=\"2023-02-13T07:41:33+00:00\" \/>\n<meta property=\"article:modified_time\" content=\"2023-07-21T10:19:19+00:00\" \/>\n<meta property=\"og:image\" content=\"https:\/\/www.grupozaragoza.com\/wp-content\/uploads\/2023\/02\/Talayuela.jpg\" \/>\n\t<meta property=\"og:image:width\" content=\"1280\" \/>\n\t<meta property=\"og:image:height\" content=\"853\" \/>\n\t<meta property=\"og:image:type\" content=\"image\/jpeg\" \/>\n<meta name=\"author\" content=\"MARKETING\" \/>\n<meta name=\"twitter:card\" content=\"summary_large_image\" \/>\n<meta name=\"twitter:label1\" content=\"Scritto da\" \/>\n\t<meta name=\"twitter:data1\" content=\"MARKETING\" \/>\n\t<meta name=\"twitter:label2\" content=\"Tempo di lettura stimato\" \/>\n\t<meta name=\"twitter:data2\" content=\"1 minuto\" \/>\n<script type=\"application\/ld+json\" class=\"yoast-schema-graph\">{\"@context\":\"https:\/\/schema.org\",\"@graph\":[{\"@type\":\"Article\",\"@id\":\"https:\/\/www.grupozaragoza.com\/it\/noticias-it\/il-grupo-zaragoza-inizia-la-costruzione-del-suo-primo-parco-solare-a-talayuela-caceres\/#article\",\"isPartOf\":{\"@id\":\"https:\/\/www.grupozaragoza.com\/it\/noticias-it\/il-grupo-zaragoza-inizia-la-costruzione-del-suo-primo-parco-solare-a-talayuela-caceres\/\"},\"author\":{\"name\":\"MARKETING\",\"@id\":\"https:\/\/www.grupozaragoza.com\/#\/schema\/person\/fbb75be1a91cd591811151e34788f9e9\"},\"headline\":\"Il GRUPO ZARAGOZ\u00c1 inizia la costruzione del suo primo parco solare a Talayuela (C\u00e1ceres)\",\"datePublished\":\"2023-02-13T07:41:33+00:00\",\"dateModified\":\"2023-07-21T10:19:19+00:00\",\"mainEntityOfPage\":{\"@id\":\"https:\/\/www.grupozaragoza.com\/it\/noticias-it\/il-grupo-zaragoza-inizia-la-costruzione-del-suo-primo-parco-solare-a-talayuela-caceres\/\"},\"wordCount\":63,\"commentCount\":0,\"publisher\":{\"@id\":\"https:\/\/www.grupozaragoza.com\/#organization\"},\"image\":{\"@id\":\"https:\/\/www.grupozaragoza.com\/it\/noticias-it\/il-grupo-zaragoza-inizia-la-costruzione-del-suo-primo-parco-solare-a-talayuela-caceres\/#primaryimage\"},\"thumbnailUrl\":\"https:\/\/www.grupozaragoza.com\/wp-content\/uploads\/2023\/02\/Talayuela.jpg\",\"articleSection\":[\"Notizie\"],\"inLanguage\":\"it-IT\",\"potentialAction\":[{\"@type\":\"CommentAction\",\"name\":\"Comment\",\"target\":[\"https:\/\/www.grupozaragoza.com\/it\/noticias-it\/il-grupo-zaragoza-inizia-la-costruzione-del-suo-primo-parco-solare-a-talayuela-caceres\/#respond\"]}]},{\"@type\":\"WebPage\",\"@id\":\"https:\/\/www.grupozaragoza.com\/it\/noticias-it\/il-grupo-zaragoza-inizia-la-costruzione-del-suo-primo-parco-solare-a-talayuela-caceres\/\",\"url\":\"https:\/\/www.grupozaragoza.com\/it\/noticias-it\/il-grupo-zaragoza-inizia-la-costruzione-del-suo-primo-parco-solare-a-talayuela-caceres\/\",\"name\":\"Il GRUPO ZARAGOZ\u00c1 inizia la costruzione del suo primo parco solare a Talayuela (C\u00e1ceres) - Grupo Zaragoz\u00e1\",\"isPartOf\":{\"@id\":\"https:\/\/www.grupozaragoza.com\/#website\"},\"primaryImageOfPage\":{\"@id\":\"https:\/\/www.grupozaragoza.com\/it\/noticias-it\/il-grupo-zaragoza-inizia-la-costruzione-del-suo-primo-parco-solare-a-talayuela-caceres\/#primaryimage\"},\"image\":{\"@id\":\"https:\/\/www.grupozaragoza.com\/it\/noticias-it\/il-grupo-zaragoza-inizia-la-costruzione-del-suo-primo-parco-solare-a-talayuela-caceres\/#primaryimage\"},\"thumbnailUrl\":\"https:\/\/www.grupozaragoza.com\/wp-content\/uploads\/2023\/02\/Talayuela.jpg\",\"datePublished\":\"2023-02-13T07:41:33+00:00\",\"dateModified\":\"2023-07-21T10:19:19+00:00\",\"description\":\"Il GRUPO ZARAGOZ\u00c1 inizia la costruzione del suo primo parco solare a Talayuela (C\u00e1ceres) - Grupo Zaragoz\u00e1\",\"breadcrumb\":{\"@id\":\"https:\/\/www.grupozaragoza.com\/it\/noticias-it\/il-grupo-zaragoza-inizia-la-costruzione-del-suo-primo-parco-solare-a-talayuela-caceres\/#breadcrumb\"},\"inLanguage\":\"it-IT\",\"potentialAction\":[{\"@type\":\"ReadAction\",\"target\":[\"https:\/\/www.grupozaragoza.com\/it\/noticias-it\/il-grupo-zaragoza-inizia-la-costruzione-del-suo-primo-parco-solare-a-talayuela-caceres\/\"]}]},{\"@type\":\"ImageObject\",\"inLanguage\":\"it-IT\",\"@id\":\"https:\/\/www.grupozaragoza.com\/it\/noticias-it\/il-grupo-zaragoza-inizia-la-costruzione-del-suo-primo-parco-solare-a-talayuela-caceres\/#primaryimage\",\"url\":\"https:\/\/www.grupozaragoza.com\/wp-content\/uploads\/2023\/02\/Talayuela.jpg\",\"contentUrl\":\"https:\/\/www.grupozaragoza.com\/wp-content\/uploads\/2023\/02\/Talayuela.jpg\",\"width\":1280,\"height\":853},{\"@type\":\"BreadcrumbList\",\"@id\":\"https:\/\/www.grupozaragoza.com\/it\/noticias-it\/il-grupo-zaragoza-inizia-la-costruzione-del-suo-primo-parco-solare-a-talayuela-caceres\/#breadcrumb\",\"itemListElement\":[{\"@type\":\"ListItem\",\"position\":1,\"name\":\"Portada\",\"item\":\"https:\/\/www.grupozaragoza.com\/it\/\"},{\"@type\":\"ListItem\",\"position\":2,\"name\":\"Il GRUPO ZARAGOZ\u00c1 inizia la costruzione del suo primo parco solare a Talayuela (C\u00e1ceres)\"}]},{\"@type\":\"WebSite\",\"@id\":\"https:\/\/www.grupozaragoza.com\/#website\",\"url\":\"https:\/\/www.grupozaragoza.com\/\",\"name\":\"Grupo Zaragoz\u00e1\",\"description\":\"Grupo Zaragoz\u00e1 desarrolla, construye (EPC) y mantiene (O&amp;M) Plantas Fotovoltaicas\",\"publisher\":{\"@id\":\"https:\/\/www.grupozaragoza.com\/#organization\"},\"potentialAction\":[{\"@type\":\"SearchAction\",\"target\":{\"@type\":\"EntryPoint\",\"urlTemplate\":\"https:\/\/www.grupozaragoza.com\/?s={search_term_string}\"},\"query-input\":{\"@type\":\"PropertyValueSpecification\",\"valueRequired\":true,\"valueName\":\"search_term_string\"}}],\"inLanguage\":\"it-IT\"},{\"@type\":\"Organization\",\"@id\":\"https:\/\/www.grupozaragoza.com\/#organization\",\"name\":\"Grupo Zaragoz\u00e1\",\"url\":\"https:\/\/www.grupozaragoza.com\/\",\"logo\":{\"@type\":\"ImageObject\",\"inLanguage\":\"it-IT\",\"@id\":\"https:\/\/www.grupozaragoza.com\/#\/schema\/logo\/image\/\",\"url\":\"https:\/\/www.grupozaragoza.com\/wp-content\/uploads\/2017\/08\/logo_zaragoza.png\",\"contentUrl\":\"https:\/\/www.grupozaragoza.com\/wp-content\/uploads\/2017\/08\/logo_zaragoza.png\",\"width\":676,\"height\":180,\"caption\":\"Grupo Zaragoz\u00e1\"},\"image\":{\"@id\":\"https:\/\/www.grupozaragoza.com\/#\/schema\/logo\/image\/\"},\"sameAs\":[\"https:\/\/www.linkedin.com\/company\/grupozaragoza\/\",\"https:\/\/www.instagram.com\/grupozaragoza_com\/\"]},{\"@type\":\"Person\",\"@id\":\"https:\/\/www.grupozaragoza.com\/#\/schema\/person\/fbb75be1a91cd591811151e34788f9e9\",\"name\":\"MARKETING\",\"image\":{\"@type\":\"ImageObject\",\"inLanguage\":\"it-IT\",\"@id\":\"https:\/\/www.grupozaragoza.com\/#\/schema\/person\/image\/\",\"url\":\"https:\/\/secure.gravatar.com\/avatar\/33f112a6621197994ea1e32ea1b347ad45be37f5a9512f0de4b7600bbc051dc4?s=96&d=mm&r=g\",\"contentUrl\":\"https:\/\/secure.gravatar.com\/avatar\/33f112a6621197994ea1e32ea1b347ad45be37f5a9512f0de4b7600bbc051dc4?s=96&d=mm&r=g\",\"caption\":\"MARKETING\"},\"url\":\"https:\/\/www.grupozaragoza.com\/it\/author\/marketing\/\"}]}<\/script>\n<!-- \/ Yoast SEO plugin. -->","yoast_head_json":{"title":"Il GRUPO ZARAGOZ\u00c1 inizia la costruzione del suo primo parco solare a Talayuela (C\u00e1ceres) - Grupo Zaragoz\u00e1","description":"Il GRUPO ZARAGOZ\u00c1 inizia la costruzione del suo primo parco solare a Talayuela (C\u00e1ceres) - Grupo Zaragoz\u00e1","robots":{"index":"index","follow":"follow","max-snippet":"max-snippet:-1","max-image-preview":"max-image-preview:large","max-video-preview":"max-video-preview:-1"},"canonical":"https:\/\/www.grupozaragoza.com\/it\/noticias-it\/il-grupo-zaragoza-inizia-la-costruzione-del-suo-primo-parco-solare-a-talayuela-caceres\/","og_locale":"it_IT","og_type":"article","og_title":"Il GRUPO ZARAGOZ\u00c1 inizia la costruzione del suo primo parco solare a Talayuela (C\u00e1ceres) - Grupo Zaragoz\u00e1","og_description":"Il GRUPO ZARAGOZ\u00c1 inizia la costruzione del suo primo parco solare a Talayuela (C\u00e1ceres) - Grupo Zaragoz\u00e1","og_url":"https:\/\/www.grupozaragoza.com\/it\/noticias-it\/il-grupo-zaragoza-inizia-la-costruzione-del-suo-primo-parco-solare-a-talayuela-caceres\/","og_site_name":"Grupo Zaragoz\u00e1","article_published_time":"2023-02-13T07:41:33+00:00","article_modified_time":"2023-07-21T10:19:19+00:00","og_image":[{"width":1280,"height":853,"url":"https:\/\/www.grupozaragoza.com\/wp-content\/uploads\/2023\/02\/Talayuela.jpg","type":"image\/jpeg"}],"author":"MARKETING","twitter_card":"summary_large_image","twitter_misc":{"Scritto da":"MARKETING","Tempo di lettura stimato":"1 minuto"},"schema":{"@context":"https:\/\/schema.org","@graph":[{"@type":"Article","@id":"https:\/\/www.grupozaragoza.com\/it\/noticias-it\/il-grupo-zaragoza-inizia-la-costruzione-del-suo-primo-parco-solare-a-talayuela-caceres\/#article","isPartOf":{"@id":"https:\/\/www.grupozaragoza.com\/it\/noticias-it\/il-grupo-zaragoza-inizia-la-costruzione-del-suo-primo-parco-solare-a-talayuela-caceres\/"},"author":{"name":"MARKETING","@id":"https:\/\/www.grupozaragoza.com\/#\/schema\/person\/fbb75be1a91cd591811151e34788f9e9"},"headline":"Il GRUPO ZARAGOZ\u00c1 inizia la costruzione del suo primo parco solare a Talayuela (C\u00e1ceres)","datePublished":"2023-02-13T07:41:33+00:00","dateModified":"2023-07-21T10:19:19+00:00","mainEntityOfPage":{"@id":"https:\/\/www.grupozaragoza.com\/it\/noticias-it\/il-grupo-zaragoza-inizia-la-costruzione-del-suo-primo-parco-solare-a-talayuela-caceres\/"},"wordCount":63,"commentCount":0,"publisher":{"@id":"https:\/\/www.grupozaragoza.com\/#organization"},"image":{"@id":"https:\/\/www.grupozaragoza.com\/it\/noticias-it\/il-grupo-zaragoza-inizia-la-costruzione-del-suo-primo-parco-solare-a-talayuela-caceres\/#primaryimage"},"thumbnailUrl":"https:\/\/www.grupozaragoza.com\/wp-content\/uploads\/2023\/02\/Talayuela.jpg","articleSection":["Notizie"],"inLanguage":"it-IT","potentialAction":[{"@type":"CommentAction","name":"Comment","target":["https:\/\/www.grupozaragoza.com\/it\/noticias-it\/il-grupo-zaragoza-inizia-la-costruzione-del-suo-primo-parco-solare-a-talayuela-caceres\/#respond"]}]},{"@type":"WebPage","@id":"https:\/\/www.grupozaragoza.com\/it\/noticias-it\/il-grupo-zaragoza-inizia-la-costruzione-del-suo-primo-parco-solare-a-talayuela-caceres\/","url":"https:\/\/www.grupozaragoza.com\/it\/noticias-it\/il-grupo-zaragoza-inizia-la-costruzione-del-suo-primo-parco-solare-a-talayuela-caceres\/","name":"Il GRUPO ZARAGOZ\u00c1 inizia la costruzione del suo primo parco solare a Talayuela (C\u00e1ceres) - Grupo Zaragoz\u00e1","isPartOf":{"@id":"https:\/\/www.grupozaragoza.com\/#website"},"primaryImageOfPage":{"@id":"https:\/\/www.grupozaragoza.com\/it\/noticias-it\/il-grupo-zaragoza-inizia-la-costruzione-del-suo-primo-parco-solare-a-talayuela-caceres\/#primaryimage"},"image":{"@id":"https:\/\/www.grupozaragoza.com\/it\/noticias-it\/il-grupo-zaragoza-inizia-la-costruzione-del-suo-primo-parco-solare-a-talayuela-caceres\/#primaryimage"},"thumbnailUrl":"https:\/\/www.grupozaragoza.com\/wp-content\/uploads\/2023\/02\/Talayuela.jpg","datePublished":"2023-02-13T07:41:33+00:00","dateModified":"2023-07-21T10:19:19+00:00","description":"Il GRUPO ZARAGOZ\u00c1 inizia la costruzione del suo primo parco solare a Talayuela (C\u00e1ceres) - Grupo Zaragoz\u00e1","breadcrumb":{"@id":"https:\/\/www.grupozaragoza.com\/it\/noticias-it\/il-grupo-zaragoza-inizia-la-costruzione-del-suo-primo-parco-solare-a-talayuela-caceres\/#breadcrumb"},"inLanguage":"it-IT","potentialAction":[{"@type":"ReadAction","target":["https:\/\/www.grupozaragoza.com\/it\/noticias-it\/il-grupo-zaragoza-inizia-la-costruzione-del-suo-primo-parco-solare-a-talayuela-caceres\/"]}]},{"@type":"ImageObject","inLanguage":"it-IT","@id":"https:\/\/www.grupozaragoza.com\/it\/noticias-it\/il-grupo-zaragoza-inizia-la-costruzione-del-suo-primo-parco-solare-a-talayuela-caceres\/#primaryimage","url":"https:\/\/www.grupozaragoza.com\/wp-content\/uploads\/2023\/02\/Talayuela.jpg","contentUrl":"https:\/\/www.grupozaragoza.com\/wp-content\/uploads\/2023\/02\/Talayuela.jpg","width":1280,"height":853},{"@type":"BreadcrumbList","@id":"https:\/\/www.grupozaragoza.com\/it\/noticias-it\/il-grupo-zaragoza-inizia-la-costruzione-del-suo-primo-parco-solare-a-talayuela-caceres\/#breadcrumb","itemListElement":[{"@type":"ListItem","position":1,"name":"Portada","item":"https:\/\/www.grupozaragoza.com\/it\/"},{"@type":"ListItem","position":2,"name":"Il GRUPO ZARAGOZ\u00c1 inizia la costruzione del suo primo parco solare a Talayuela (C\u00e1ceres)"}]},{"@type":"WebSite","@id":"https:\/\/www.grupozaragoza.com\/#website","url":"https:\/\/www.grupozaragoza.com\/","name":"Grupo Zaragoz\u00e1","description":"Grupo Zaragoz\u00e1 desarrolla, construye (EPC) y mantiene (O&amp;M) Plantas Fotovoltaicas","publisher":{"@id":"https:\/\/www.grupozaragoza.com\/#organization"},"potentialAction":[{"@type":"SearchAction","target":{"@type":"EntryPoint","urlTemplate":"https:\/\/www.grupozaragoza.com\/?s={search_term_string}"},"query-input":{"@type":"PropertyValueSpecification","valueRequired":true,"valueName":"search_term_string"}}],"inLanguage":"it-IT"},{"@type":"Organization","@id":"https:\/\/www.grupozaragoza.com\/#organization","name":"Grupo Zaragoz\u00e1","url":"https:\/\/www.grupozaragoza.com\/","logo":{"@type":"ImageObject","inLanguage":"it-IT","@id":"https:\/\/www.grupozaragoza.com\/#\/schema\/logo\/image\/","url":"https:\/\/www.grupozaragoza.com\/wp-content\/uploads\/2017\/08\/logo_zaragoza.png","contentUrl":"https:\/\/www.grupozaragoza.com\/wp-content\/uploads\/2017\/08\/logo_zaragoza.png","width":676,"height":180,"caption":"Grupo Zaragoz\u00e1"},"image":{"@id":"https:\/\/www.grupozaragoza.com\/#\/schema\/logo\/image\/"},"sameAs":["https:\/\/www.linkedin.com\/company\/grupozaragoza\/","https:\/\/www.instagram.com\/grupozaragoza_com\/"]},{"@type":"Person","@id":"https:\/\/www.grupozaragoza.com\/#\/schema\/person\/fbb75be1a91cd591811151e34788f9e9","name":"MARKETING","image":{"@type":"ImageObject","inLanguage":"it-IT","@id":"https:\/\/www.grupozaragoza.com\/#\/schema\/person\/image\/","url":"https:\/\/secure.gravatar.com\/avatar\/33f112a6621197994ea1e32ea1b347ad45be37f5a9512f0de4b7600bbc051dc4?s=96&d=mm&r=g","contentUrl":"https:\/\/secure.gravatar.com\/avatar\/33f112a6621197994ea1e32ea1b347ad45be37f5a9512f0de4b7600bbc051dc4?s=96&d=mm&r=g","caption":"MARKETING"},"url":"https:\/\/www.grupozaragoza.com\/it\/author\/marketing\/"}]}},"_links":{"self":[{"href":"https:\/\/www.grupozaragoza.com\/it\/wp-json\/wp\/v2\/posts\/9737","targetHints":{"allow":["GET"]}}],"collection":[{"href":"https:\/\/www.grupozaragoza.com\/it\/wp-json\/wp\/v2\/posts"}],"about":[{"href":"https:\/\/www.grupozaragoza.com\/it\/wp-json\/wp\/v2\/types\/post"}],"author":[{"embeddable":true,"href":"https:\/\/www.grupozaragoza.com\/it\/wp-json\/wp\/v2\/users\/4"}],"replies":[{"embeddable":true,"href":"https:\/\/www.grupozaragoza.com\/it\/wp-json\/wp\/v2\/comments?post=9737"}],"version-history":[{"count":2,"href":"https:\/\/www.grupozaragoza.com\/it\/wp-json\/wp\/v2\/posts\/9737\/revisions"}],"predecessor-version":[{"id":9958,"href":"https:\/\/www.grupozaragoza.com\/it\/wp-json\/wp\/v2\/posts\/9737\/revisions\/9958"}],"wp:featuredmedia":[{"embeddable":true,"href":"https:\/\/www.grupozaragoza.com\/it\/wp-json\/wp\/v2\/media\/9738"}],"wp:attachment":[{"href":"https:\/\/www.grupozaragoza.com\/it\/wp-json\/wp\/v2\/media?parent=9737"}],"wp:term":[{"taxonomy":"category","embeddable":true,"href":"https:\/\/www.grupozaragoza.com\/it\/wp-json\/wp\/v2\/categories?post=9737"},{"taxonomy":"post_tag","embeddable":true,"href":"https:\/\/www.grupozaragoza.com\/it\/wp-json\/wp\/v2\/tags?post=9737"}],"curies":[{"name":"wp","href":"https:\/\/api.w.org\/{rel}","templated":true}]}}