{"id":9753,"date":"2023-02-13T07:50:44","date_gmt":"2023-02-13T07:50:44","guid":{"rendered":"https:\/\/www.grupozaragoza.com\/?p=9753"},"modified":"2024-04-16T10:21:08","modified_gmt":"2024-04-16T09:21:08","slug":"le-grupo-zaragoza-a-obtenu-la-die-pour-la-construction-du-parc-photovoltaique-renedo","status":"publish","type":"post","link":"https:\/\/www.grupozaragoza.com\/fr\/noticias-fr\/le-grupo-zaragoza-a-obtenu-la-die-pour-la-construction-du-parc-photovoltaique-renedo\/","title":{"rendered":"LE GRUPO ZARAGOZ\u00c1 A OBTENU LA DIE POUR LA CONSTRUCTION DU PARC PHOTOVOLTA\u00cfQUE RENEDO"},"content":{"rendered":"<p>Le GRUPO ZARAGOZ\u00c1 a obtenu la D\u00e9claration d\u2019Impact Environnemental (DIE) pour la construction du parc photovolta\u00efque RENEDO sur les communes et Castronuevo de Esgueva, Renedo de Esgueva, Tudela de Duero et Valladolid (Valladolid)<\/p>\n<p>La centrale disposera d\u2019une puissance install\u00e9e de 49,98 MWp pouvant produire 95.812 MWh et \u00e9vitera l\u2019\u00e9mission de 76.374 Tn\/An de CO2.<\/p>\n","protected":false},"excerpt":{"rendered":"<p>Le GRUPO ZARAGOZ\u00c1 a obtenu la D\u00e9claration d\u2019Impact Environnemental (DIE) pour la construction du parc photovolta\u00efque RENEDO sur les communes et Castronuevo de Esgueva, Renedo de Esgueva, Tudela de Duero et Valladolid (Valladolid) La centrale disposera d\u2019une puissance install\u00e9e de 49,98 MWp pouvant produire 95.812&#8230;<\/p>\n","protected":false},"author":4,"featured_media":9746,"comment_status":"open","ping_status":"open","sticky":false,"template":"","format":"standard","meta":{"_acf_changed":false,"footnotes":""},"categories":[77],"tags":[],"class_list":["post-9753","post","type-post","status-publish","format-standard","has-post-thumbnail","hentry","category-noticias-fr"],"acf":[],"yoast_head":"<!-- This site is optimized with the Yoast SEO plugin v26.8 - https:\/\/yoast.com\/product\/yoast-seo-wordpress\/ -->\n<title>LE GRUPO ZARAGOZ\u00c1 A OBTENU LA DIE POUR LA CONSTRUCTION DU PARC PHOTOVOLTA\u00cfQUE RENEDO - GRUPO ZARAGOZ\u00c1<\/title>\n<meta name=\"robots\" content=\"index, follow, max-snippet:-1, max-image-preview:large, max-video-preview:-1\" \/>\n<link rel=\"canonical\" href=\"https:\/\/www.grupozaragoza.com\/fr\/noticias-fr\/le-grupo-zaragoza-a-obtenu-la-die-pour-la-construction-du-parc-photovoltaique-renedo\/\" \/>\n<meta property=\"og:locale\" content=\"fr_FR\" \/>\n<meta property=\"og:type\" content=\"article\" \/>\n<meta property=\"og:title\" content=\"LE GRUPO ZARAGOZ\u00c1 A OBTENU LA DIE POUR LA CONSTRUCTION DU PARC PHOTOVOLTA\u00cfQUE RENEDO - GRUPO ZARAGOZ\u00c1\" \/>\n<meta property=\"og:description\" content=\"Le GRUPO ZARAGOZ\u00c1 a obtenu la D\u00e9claration d\u2019Impact Environnemental (DIE) pour la construction du parc photovolta\u00efque RENEDO sur les communes et Castronuevo de Esgueva, Renedo de Esgueva, Tudela de Duero et Valladolid (Valladolid) La centrale disposera d\u2019une puissance install\u00e9e de 49,98 MWp pouvant produire 95.812...\" \/>\n<meta property=\"og:url\" content=\"https:\/\/www.grupozaragoza.com\/fr\/noticias-fr\/le-grupo-zaragoza-a-obtenu-la-die-pour-la-construction-du-parc-photovoltaique-renedo\/\" \/>\n<meta property=\"og:site_name\" content=\"GRUPO ZARAGOZ\u00c1\" \/>\n<meta property=\"article:published_time\" content=\"2023-02-13T07:50:44+00:00\" \/>\n<meta property=\"article:modified_time\" content=\"2024-04-16T09:21:08+00:00\" \/>\n<meta property=\"og:image\" content=\"https:\/\/www.grupozaragoza.com\/wp-content\/uploads\/2023\/02\/RENEDO.jpg\" \/>\n\t<meta property=\"og:image:width\" content=\"1300\" \/>\n\t<meta property=\"og:image:height\" content=\"867\" \/>\n\t<meta property=\"og:image:type\" content=\"image\/jpeg\" \/>\n<meta name=\"author\" content=\"MARKETING\" \/>\n<meta name=\"twitter:card\" content=\"summary_large_image\" \/>\n<meta name=\"twitter:label1\" content=\"\u00c9crit par\" \/>\n\t<meta name=\"twitter:data1\" content=\"MARKETING\" \/>\n\t<meta name=\"twitter:label2\" content=\"Dur\u00e9e de lecture estim\u00e9e\" \/>\n\t<meta name=\"twitter:data2\" content=\"1 minute\" \/>\n<script type=\"application\/ld+json\" class=\"yoast-schema-graph\">{\"@context\":\"https:\/\/schema.org\",\"@graph\":[{\"@type\":\"Article\",\"@id\":\"https:\/\/www.grupozaragoza.com\/fr\/noticias-fr\/le-grupo-zaragoza-a-obtenu-la-die-pour-la-construction-du-parc-photovoltaique-renedo\/#article\",\"isPartOf\":{\"@id\":\"https:\/\/www.grupozaragoza.com\/fr\/noticias-fr\/le-grupo-zaragoza-a-obtenu-la-die-pour-la-construction-du-parc-photovoltaique-renedo\/\"},\"author\":{\"name\":\"MARKETING\",\"@id\":\"https:\/\/www.grupozaragoza.com\/#\/schema\/person\/fbb75be1a91cd591811151e34788f9e9\"},\"headline\":\"LE GRUPO ZARAGOZ\u00c1 A OBTENU LA DIE POUR LA CONSTRUCTION DU PARC PHOTOVOLTA\u00cfQUE RENEDO\",\"datePublished\":\"2023-02-13T07:50:44+00:00\",\"dateModified\":\"2024-04-16T09:21:08+00:00\",\"mainEntityOfPage\":{\"@id\":\"https:\/\/www.grupozaragoza.com\/fr\/noticias-fr\/le-grupo-zaragoza-a-obtenu-la-die-pour-la-construction-du-parc-photovoltaique-renedo\/\"},\"wordCount\":73,\"commentCount\":0,\"publisher\":{\"@id\":\"https:\/\/www.grupozaragoza.com\/#organization\"},\"image\":{\"@id\":\"https:\/\/www.grupozaragoza.com\/fr\/noticias-fr\/le-grupo-zaragoza-a-obtenu-la-die-pour-la-construction-du-parc-photovoltaique-renedo\/#primaryimage\"},\"thumbnailUrl\":\"https:\/\/www.grupozaragoza.com\/wp-content\/uploads\/2023\/02\/RENEDO.jpg\",\"articleSection\":[\"Informations\"],\"inLanguage\":\"fr-FR\",\"potentialAction\":[{\"@type\":\"CommentAction\",\"name\":\"Comment\",\"target\":[\"https:\/\/www.grupozaragoza.com\/fr\/noticias-fr\/le-grupo-zaragoza-a-obtenu-la-die-pour-la-construction-du-parc-photovoltaique-renedo\/#respond\"]}]},{\"@type\":\"WebPage\",\"@id\":\"https:\/\/www.grupozaragoza.com\/fr\/noticias-fr\/le-grupo-zaragoza-a-obtenu-la-die-pour-la-construction-du-parc-photovoltaique-renedo\/\",\"url\":\"https:\/\/www.grupozaragoza.com\/fr\/noticias-fr\/le-grupo-zaragoza-a-obtenu-la-die-pour-la-construction-du-parc-photovoltaique-renedo\/\",\"name\":\"LE GRUPO ZARAGOZ\u00c1 A OBTENU LA DIE POUR LA CONSTRUCTION DU PARC PHOTOVOLTA\u00cfQUE RENEDO - GRUPO ZARAGOZ\u00c1\",\"isPartOf\":{\"@id\":\"https:\/\/www.grupozaragoza.com\/#website\"},\"primaryImageOfPage\":{\"@id\":\"https:\/\/www.grupozaragoza.com\/fr\/noticias-fr\/le-grupo-zaragoza-a-obtenu-la-die-pour-la-construction-du-parc-photovoltaique-renedo\/#primaryimage\"},\"image\":{\"@id\":\"https:\/\/www.grupozaragoza.com\/fr\/noticias-fr\/le-grupo-zaragoza-a-obtenu-la-die-pour-la-construction-du-parc-photovoltaique-renedo\/#primaryimage\"},\"thumbnailUrl\":\"https:\/\/www.grupozaragoza.com\/wp-content\/uploads\/2023\/02\/RENEDO.jpg\",\"datePublished\":\"2023-02-13T07:50:44+00:00\",\"dateModified\":\"2024-04-16T09:21:08+00:00\",\"breadcrumb\":{\"@id\":\"https:\/\/www.grupozaragoza.com\/fr\/noticias-fr\/le-grupo-zaragoza-a-obtenu-la-die-pour-la-construction-du-parc-photovoltaique-renedo\/#breadcrumb\"},\"inLanguage\":\"fr-FR\",\"potentialAction\":[{\"@type\":\"ReadAction\",\"target\":[\"https:\/\/www.grupozaragoza.com\/fr\/noticias-fr\/le-grupo-zaragoza-a-obtenu-la-die-pour-la-construction-du-parc-photovoltaique-renedo\/\"]}]},{\"@type\":\"ImageObject\",\"inLanguage\":\"fr-FR\",\"@id\":\"https:\/\/www.grupozaragoza.com\/fr\/noticias-fr\/le-grupo-zaragoza-a-obtenu-la-die-pour-la-construction-du-parc-photovoltaique-renedo\/#primaryimage\",\"url\":\"https:\/\/www.grupozaragoza.com\/wp-content\/uploads\/2023\/02\/RENEDO.jpg\",\"contentUrl\":\"https:\/\/www.grupozaragoza.com\/wp-content\/uploads\/2023\/02\/RENEDO.jpg\",\"width\":1300,\"height\":867},{\"@type\":\"BreadcrumbList\",\"@id\":\"https:\/\/www.grupozaragoza.com\/fr\/noticias-fr\/le-grupo-zaragoza-a-obtenu-la-die-pour-la-construction-du-parc-photovoltaique-renedo\/#breadcrumb\",\"itemListElement\":[{\"@type\":\"ListItem\",\"position\":1,\"name\":\"Portada\",\"item\":\"https:\/\/www.grupozaragoza.com\/fr\/\"},{\"@type\":\"ListItem\",\"position\":2,\"name\":\"LE GRUPO ZARAGOZ\u00c1 A OBTENU LA DIE POUR LA CONSTRUCTION DU PARC PHOTOVOLTA\u00cfQUE RENEDO\"}]},{\"@type\":\"WebSite\",\"@id\":\"https:\/\/www.grupozaragoza.com\/#website\",\"url\":\"https:\/\/www.grupozaragoza.com\/\",\"name\":\"GRUPO ZARAGOZ\u00c1\",\"description\":\"Ingenieria &amp; Arquitectura Creativa\",\"publisher\":{\"@id\":\"https:\/\/www.grupozaragoza.com\/#organization\"},\"potentialAction\":[{\"@type\":\"SearchAction\",\"target\":{\"@type\":\"EntryPoint\",\"urlTemplate\":\"https:\/\/www.grupozaragoza.com\/?s={search_term_string}\"},\"query-input\":{\"@type\":\"PropertyValueSpecification\",\"valueRequired\":true,\"valueName\":\"search_term_string\"}}],\"inLanguage\":\"fr-FR\"},{\"@type\":\"Organization\",\"@id\":\"https:\/\/www.grupozaragoza.com\/#organization\",\"name\":\"GRUPO ZARAGOZ\u00c1\",\"url\":\"https:\/\/www.grupozaragoza.com\/\",\"logo\":{\"@type\":\"ImageObject\",\"inLanguage\":\"fr-FR\",\"@id\":\"https:\/\/www.grupozaragoza.com\/#\/schema\/logo\/image\/\",\"url\":\"https:\/\/www.grupozaragoza.com\/wp-content\/uploads\/2017\/08\/logo_zaragoza.png\",\"contentUrl\":\"https:\/\/www.grupozaragoza.com\/wp-content\/uploads\/2017\/08\/logo_zaragoza.png\",\"width\":676,\"height\":180,\"caption\":\"GRUPO ZARAGOZ\u00c1\"},\"image\":{\"@id\":\"https:\/\/www.grupozaragoza.com\/#\/schema\/logo\/image\/\"},\"sameAs\":[\"https:\/\/www.linkedin.com\/company\/grupozaragoza\/\",\"https:\/\/www.instagram.com\/grupozaragoza_com\/\"]},{\"@type\":\"Person\",\"@id\":\"https:\/\/www.grupozaragoza.com\/#\/schema\/person\/fbb75be1a91cd591811151e34788f9e9\",\"name\":\"MARKETING\",\"image\":{\"@type\":\"ImageObject\",\"inLanguage\":\"fr-FR\",\"@id\":\"https:\/\/www.grupozaragoza.com\/#\/schema\/person\/image\/\",\"url\":\"https:\/\/secure.gravatar.com\/avatar\/33f112a6621197994ea1e32ea1b347ad45be37f5a9512f0de4b7600bbc051dc4?s=96&d=mm&r=g\",\"contentUrl\":\"https:\/\/secure.gravatar.com\/avatar\/33f112a6621197994ea1e32ea1b347ad45be37f5a9512f0de4b7600bbc051dc4?s=96&d=mm&r=g\",\"caption\":\"MARKETING\"},\"url\":\"https:\/\/www.grupozaragoza.com\/fr\/author\/marketing\/\"}]}<\/script>\n<!-- \/ Yoast SEO plugin. -->","yoast_head_json":{"title":"LE GRUPO ZARAGOZ\u00c1 A OBTENU LA DIE POUR LA CONSTRUCTION DU PARC PHOTOVOLTA\u00cfQUE RENEDO - GRUPO ZARAGOZ\u00c1","robots":{"index":"index","follow":"follow","max-snippet":"max-snippet:-1","max-image-preview":"max-image-preview:large","max-video-preview":"max-video-preview:-1"},"canonical":"https:\/\/www.grupozaragoza.com\/fr\/noticias-fr\/le-grupo-zaragoza-a-obtenu-la-die-pour-la-construction-du-parc-photovoltaique-renedo\/","og_locale":"fr_FR","og_type":"article","og_title":"LE GRUPO ZARAGOZ\u00c1 A OBTENU LA DIE POUR LA CONSTRUCTION DU PARC PHOTOVOLTA\u00cfQUE RENEDO - GRUPO ZARAGOZ\u00c1","og_description":"Le GRUPO ZARAGOZ\u00c1 a obtenu la D\u00e9claration d\u2019Impact Environnemental (DIE) pour la construction du parc photovolta\u00efque RENEDO sur les communes et Castronuevo de Esgueva, Renedo de Esgueva, Tudela de Duero et Valladolid (Valladolid) La centrale disposera d\u2019une puissance install\u00e9e de 49,98 MWp pouvant produire 95.812...","og_url":"https:\/\/www.grupozaragoza.com\/fr\/noticias-fr\/le-grupo-zaragoza-a-obtenu-la-die-pour-la-construction-du-parc-photovoltaique-renedo\/","og_site_name":"GRUPO ZARAGOZ\u00c1","article_published_time":"2023-02-13T07:50:44+00:00","article_modified_time":"2024-04-16T09:21:08+00:00","og_image":[{"width":1300,"height":867,"url":"https:\/\/www.grupozaragoza.com\/wp-content\/uploads\/2023\/02\/RENEDO.jpg","type":"image\/jpeg"}],"author":"MARKETING","twitter_card":"summary_large_image","twitter_misc":{"\u00c9crit par":"MARKETING","Dur\u00e9e de lecture estim\u00e9e":"1 minute"},"schema":{"@context":"https:\/\/schema.org","@graph":[{"@type":"Article","@id":"https:\/\/www.grupozaragoza.com\/fr\/noticias-fr\/le-grupo-zaragoza-a-obtenu-la-die-pour-la-construction-du-parc-photovoltaique-renedo\/#article","isPartOf":{"@id":"https:\/\/www.grupozaragoza.com\/fr\/noticias-fr\/le-grupo-zaragoza-a-obtenu-la-die-pour-la-construction-du-parc-photovoltaique-renedo\/"},"author":{"name":"MARKETING","@id":"https:\/\/www.grupozaragoza.com\/#\/schema\/person\/fbb75be1a91cd591811151e34788f9e9"},"headline":"LE GRUPO ZARAGOZ\u00c1 A OBTENU LA DIE POUR LA CONSTRUCTION DU PARC PHOTOVOLTA\u00cfQUE RENEDO","datePublished":"2023-02-13T07:50:44+00:00","dateModified":"2024-04-16T09:21:08+00:00","mainEntityOfPage":{"@id":"https:\/\/www.grupozaragoza.com\/fr\/noticias-fr\/le-grupo-zaragoza-a-obtenu-la-die-pour-la-construction-du-parc-photovoltaique-renedo\/"},"wordCount":73,"commentCount":0,"publisher":{"@id":"https:\/\/www.grupozaragoza.com\/#organization"},"image":{"@id":"https:\/\/www.grupozaragoza.com\/fr\/noticias-fr\/le-grupo-zaragoza-a-obtenu-la-die-pour-la-construction-du-parc-photovoltaique-renedo\/#primaryimage"},"thumbnailUrl":"https:\/\/www.grupozaragoza.com\/wp-content\/uploads\/2023\/02\/RENEDO.jpg","articleSection":["Informations"],"inLanguage":"fr-FR","potentialAction":[{"@type":"CommentAction","name":"Comment","target":["https:\/\/www.grupozaragoza.com\/fr\/noticias-fr\/le-grupo-zaragoza-a-obtenu-la-die-pour-la-construction-du-parc-photovoltaique-renedo\/#respond"]}]},{"@type":"WebPage","@id":"https:\/\/www.grupozaragoza.com\/fr\/noticias-fr\/le-grupo-zaragoza-a-obtenu-la-die-pour-la-construction-du-parc-photovoltaique-renedo\/","url":"https:\/\/www.grupozaragoza.com\/fr\/noticias-fr\/le-grupo-zaragoza-a-obtenu-la-die-pour-la-construction-du-parc-photovoltaique-renedo\/","name":"LE GRUPO ZARAGOZ\u00c1 A OBTENU LA DIE POUR LA CONSTRUCTION DU PARC PHOTOVOLTA\u00cfQUE RENEDO - GRUPO ZARAGOZ\u00c1","isPartOf":{"@id":"https:\/\/www.grupozaragoza.com\/#website"},"primaryImageOfPage":{"@id":"https:\/\/www.grupozaragoza.com\/fr\/noticias-fr\/le-grupo-zaragoza-a-obtenu-la-die-pour-la-construction-du-parc-photovoltaique-renedo\/#primaryimage"},"image":{"@id":"https:\/\/www.grupozaragoza.com\/fr\/noticias-fr\/le-grupo-zaragoza-a-obtenu-la-die-pour-la-construction-du-parc-photovoltaique-renedo\/#primaryimage"},"thumbnailUrl":"https:\/\/www.grupozaragoza.com\/wp-content\/uploads\/2023\/02\/RENEDO.jpg","datePublished":"2023-02-13T07:50:44+00:00","dateModified":"2024-04-16T09:21:08+00:00","breadcrumb":{"@id":"https:\/\/www.grupozaragoza.com\/fr\/noticias-fr\/le-grupo-zaragoza-a-obtenu-la-die-pour-la-construction-du-parc-photovoltaique-renedo\/#breadcrumb"},"inLanguage":"fr-FR","potentialAction":[{"@type":"ReadAction","target":["https:\/\/www.grupozaragoza.com\/fr\/noticias-fr\/le-grupo-zaragoza-a-obtenu-la-die-pour-la-construction-du-parc-photovoltaique-renedo\/"]}]},{"@type":"ImageObject","inLanguage":"fr-FR","@id":"https:\/\/www.grupozaragoza.com\/fr\/noticias-fr\/le-grupo-zaragoza-a-obtenu-la-die-pour-la-construction-du-parc-photovoltaique-renedo\/#primaryimage","url":"https:\/\/www.grupozaragoza.com\/wp-content\/uploads\/2023\/02\/RENEDO.jpg","contentUrl":"https:\/\/www.grupozaragoza.com\/wp-content\/uploads\/2023\/02\/RENEDO.jpg","width":1300,"height":867},{"@type":"BreadcrumbList","@id":"https:\/\/www.grupozaragoza.com\/fr\/noticias-fr\/le-grupo-zaragoza-a-obtenu-la-die-pour-la-construction-du-parc-photovoltaique-renedo\/#breadcrumb","itemListElement":[{"@type":"ListItem","position":1,"name":"Portada","item":"https:\/\/www.grupozaragoza.com\/fr\/"},{"@type":"ListItem","position":2,"name":"LE GRUPO ZARAGOZ\u00c1 A OBTENU LA DIE POUR LA CONSTRUCTION DU PARC PHOTOVOLTA\u00cfQUE RENEDO"}]},{"@type":"WebSite","@id":"https:\/\/www.grupozaragoza.com\/#website","url":"https:\/\/www.grupozaragoza.com\/","name":"GRUPO ZARAGOZ\u00c1","description":"Ingenieria &amp; Arquitectura Creativa","publisher":{"@id":"https:\/\/www.grupozaragoza.com\/#organization"},"potentialAction":[{"@type":"SearchAction","target":{"@type":"EntryPoint","urlTemplate":"https:\/\/www.grupozaragoza.com\/?s={search_term_string}"},"query-input":{"@type":"PropertyValueSpecification","valueRequired":true,"valueName":"search_term_string"}}],"inLanguage":"fr-FR"},{"@type":"Organization","@id":"https:\/\/www.grupozaragoza.com\/#organization","name":"GRUPO ZARAGOZ\u00c1","url":"https:\/\/www.grupozaragoza.com\/","logo":{"@type":"ImageObject","inLanguage":"fr-FR","@id":"https:\/\/www.grupozaragoza.com\/#\/schema\/logo\/image\/","url":"https:\/\/www.grupozaragoza.com\/wp-content\/uploads\/2017\/08\/logo_zaragoza.png","contentUrl":"https:\/\/www.grupozaragoza.com\/wp-content\/uploads\/2017\/08\/logo_zaragoza.png","width":676,"height":180,"caption":"GRUPO ZARAGOZ\u00c1"},"image":{"@id":"https:\/\/www.grupozaragoza.com\/#\/schema\/logo\/image\/"},"sameAs":["https:\/\/www.linkedin.com\/company\/grupozaragoza\/","https:\/\/www.instagram.com\/grupozaragoza_com\/"]},{"@type":"Person","@id":"https:\/\/www.grupozaragoza.com\/#\/schema\/person\/fbb75be1a91cd591811151e34788f9e9","name":"MARKETING","image":{"@type":"ImageObject","inLanguage":"fr-FR","@id":"https:\/\/www.grupozaragoza.com\/#\/schema\/person\/image\/","url":"https:\/\/secure.gravatar.com\/avatar\/33f112a6621197994ea1e32ea1b347ad45be37f5a9512f0de4b7600bbc051dc4?s=96&d=mm&r=g","contentUrl":"https:\/\/secure.gravatar.com\/avatar\/33f112a6621197994ea1e32ea1b347ad45be37f5a9512f0de4b7600bbc051dc4?s=96&d=mm&r=g","caption":"MARKETING"},"url":"https:\/\/www.grupozaragoza.com\/fr\/author\/marketing\/"}]}},"_links":{"self":[{"href":"https:\/\/www.grupozaragoza.com\/fr\/wp-json\/wp\/v2\/posts\/9753","targetHints":{"allow":["GET"]}}],"collection":[{"href":"https:\/\/www.grupozaragoza.com\/fr\/wp-json\/wp\/v2\/posts"}],"about":[{"href":"https:\/\/www.grupozaragoza.com\/fr\/wp-json\/wp\/v2\/types\/post"}],"author":[{"embeddable":true,"href":"https:\/\/www.grupozaragoza.com\/fr\/wp-json\/wp\/v2\/users\/4"}],"replies":[{"embeddable":true,"href":"https:\/\/www.grupozaragoza.com\/fr\/wp-json\/wp\/v2\/comments?post=9753"}],"version-history":[{"count":2,"href":"https:\/\/www.grupozaragoza.com\/fr\/wp-json\/wp\/v2\/posts\/9753\/revisions"}],"predecessor-version":[{"id":11388,"href":"https:\/\/www.grupozaragoza.com\/fr\/wp-json\/wp\/v2\/posts\/9753\/revisions\/11388"}],"wp:featuredmedia":[{"embeddable":true,"href":"https:\/\/www.grupozaragoza.com\/fr\/wp-json\/wp\/v2\/media\/9746"}],"wp:attachment":[{"href":"https:\/\/www.grupozaragoza.com\/fr\/wp-json\/wp\/v2\/media?parent=9753"}],"wp:term":[{"taxonomy":"category","embeddable":true,"href":"https:\/\/www.grupozaragoza.com\/fr\/wp-json\/wp\/v2\/categories?post=9753"},{"taxonomy":"post_tag","embeddable":true,"href":"https:\/\/www.grupozaragoza.com\/fr\/wp-json\/wp\/v2\/tags?post=9753"}],"curies":[{"name":"wp","href":"https:\/\/api.w.org\/{rel}","templated":true}]}}