{"id":9329,"date":"2021-07-07T08:57:22","date_gmt":"2021-07-07T08:57:22","guid":{"rendered":"https:\/\/www.grupozaragoza.com\/?p=9329"},"modified":"2021-07-07T08:57:22","modified_gmt":"2021-07-07T08:57:22","slug":"subventions-de-la-generalitat-valenciana-avalem-joves","status":"publish","type":"post","link":"https:\/\/www.grupozaragoza.com\/fr\/noticias-fr\/subventions-de-la-generalitat-valenciana-avalem-joves\/","title":{"rendered":"Subventions de la Generalitat Valenciana &#8211; Avalem Joves"},"content":{"rendered":"<p>El Servicio Territorial de Fomento del Empleo de Valencia &#8211; Direcci\u00f3n Territorial de Conselleria Econom\u00eda Sostenible, Sectores Productivos, Comercio y Trabajo de Valencia de la GENERALITAT VALENCIANA a d\u00e9cid\u00e9 d&rsquo;accorder \u00e0 ZARAGOZ\u00c1 MEDIENERCO, S.L.U une aide \u00e0 l&#8217;embauche dans le cadre des programmes de promotion de l&#8217;emploi dans le domaine territorial de la Communaut\u00e9 Valencienne.<\/p>\n<p><strong>ECOJUP &#8211; 2020<\/strong><\/p>\n<p>Programme de subventions pour la promotion des stages pour les jeunes qualifi\u00e9s, conform\u00e9ment \u00e0 la r\u00e9solution du 30 d\u00e9cembre 2019, du directeur g\u00e9n\u00e9ral de LABORA Service Valencien pour l&rsquo;Emploi et la Formationn (DOGV du 13 f\u00e9vrier 2020), par laquelle est annonc\u00e9 le programme de promotion des stages pour les jeunes qualifi\u00e9s (Avalem Joves), dans le cadre du Syst\u00e8me National de Garantie pour la Jeunesse, pour l&rsquo;exercice 2020.<\/p>\n<p>\u2022 N\u00ba de dossier :ECOJUP\/2020\/34\/46<\/p>\n<p>\u2022 Montant accord\u00e9 : 11 305,00 \u20ac<\/p>\n<p><strong>Description<\/strong><br \/>\nGroupes de ch\u00f4meurs destinataires du Programme Op\u00e9rationnel du Fonds Social Europ\u00e9en 2014-2020 de la Communaut\u00e9 Valencienne dans le cadre de la priorit\u00e9 d&rsquo;investissement 9.1 (l&rsquo;inclusion active, promotion de l&rsquo;\u00e9galit\u00e9 des chances, participation active et am\u00e9lioration de trouver un emploi) de l&rsquo;Objectif Th\u00e9matique 9 (promotion de l&rsquo;inclusion sociale et lutte contre la pauvret\u00e9 et toutes les formes de discrimination).<\/p>\n<p><strong>Entit\u00e9 de financement<\/strong><\/p>\n<p><img loading=\"lazy\" decoding=\"async\" class=\"alignnone size-full wp-image-9324\" src=\"https:\/\/www.grupozaragoza.com\/wp-content\/uploads\/2021\/07\/Captura.png\" alt=\"\" width=\"649\" height=\"121\" srcset=\"https:\/\/www.grupozaragoza.com\/wp-content\/uploads\/2021\/07\/Captura.png 649w, https:\/\/www.grupozaragoza.com\/wp-content\/uploads\/2021\/07\/Captura-300x56.png 300w\" sizes=\"auto, (max-width: 649px) 100vw, 649px\" \/><\/p>\n","protected":false},"excerpt":{"rendered":"<p>El Servicio Territorial de Fomento del Empleo de Valencia &#8211; Direcci\u00f3n Territorial de Conselleria Econom\u00eda Sostenible, Sectores Productivos, Comercio y Trabajo de Valencia de la GENERALITAT VALENCIANA a d\u00e9cid\u00e9 d&rsquo;accorder \u00e0 ZARAGOZ\u00c1 MEDIENERCO, S.L.U une aide \u00e0 l&#8217;embauche dans le cadre des programmes de promotion&#8230;<\/p>\n","protected":false},"author":4,"featured_media":9336,"comment_status":"open","ping_status":"open","sticky":false,"template":"","format":"standard","meta":{"_acf_changed":false,"footnotes":""},"categories":[77],"tags":[],"class_list":["post-9329","post","type-post","status-publish","format-standard","has-post-thumbnail","hentry","category-noticias-fr"],"acf":[],"yoast_head":"<!-- This site is optimized with the Yoast SEO plugin v26.8 - https:\/\/yoast.com\/product\/yoast-seo-wordpress\/ -->\n<title>Subventions de la Generalitat Valenciana - Avalem Joves - GRUPO ZARAGOZ\u00c1<\/title>\n<meta name=\"robots\" content=\"index, follow, max-snippet:-1, max-image-preview:large, max-video-preview:-1\" \/>\n<link rel=\"canonical\" href=\"https:\/\/www.grupozaragoza.com\/fr\/noticias-fr\/subventions-de-la-generalitat-valenciana-avalem-joves\/\" \/>\n<meta property=\"og:locale\" content=\"fr_FR\" \/>\n<meta property=\"og:type\" content=\"article\" \/>\n<meta property=\"og:title\" content=\"Subventions de la Generalitat Valenciana - Avalem Joves - GRUPO ZARAGOZ\u00c1\" \/>\n<meta property=\"og:description\" content=\"El Servicio Territorial de Fomento del Empleo de Valencia &#8211; Direcci\u00f3n Territorial de Conselleria Econom\u00eda Sostenible, Sectores Productivos, Comercio y Trabajo de Valencia de la GENERALITAT VALENCIANA a d\u00e9cid\u00e9 d&rsquo;accorder \u00e0 ZARAGOZ\u00c1 MEDIENERCO, S.L.U une aide \u00e0 l&#8217;embauche dans le cadre des programmes de promotion...\" \/>\n<meta property=\"og:url\" content=\"https:\/\/www.grupozaragoza.com\/fr\/noticias-fr\/subventions-de-la-generalitat-valenciana-avalem-joves\/\" \/>\n<meta property=\"og:site_name\" content=\"GRUPO ZARAGOZ\u00c1\" \/>\n<meta property=\"article:published_time\" content=\"2021-07-07T08:57:22+00:00\" \/>\n<meta property=\"og:image\" content=\"https:\/\/www.grupozaragoza.com\/wp-content\/uploads\/2021\/07\/blog_thumbails_default.jpg\" \/>\n\t<meta property=\"og:image:width\" content=\"557\" \/>\n\t<meta property=\"og:image:height\" content=\"300\" \/>\n\t<meta property=\"og:image:type\" content=\"image\/jpeg\" \/>\n<meta name=\"author\" content=\"MARKETING\" \/>\n<meta name=\"twitter:card\" content=\"summary_large_image\" \/>\n<meta name=\"twitter:label1\" content=\"\u00c9crit par\" \/>\n\t<meta name=\"twitter:data1\" content=\"MARKETING\" \/>\n\t<meta name=\"twitter:label2\" content=\"Dur\u00e9e de lecture estim\u00e9e\" \/>\n\t<meta name=\"twitter:data2\" content=\"2 minutes\" \/>\n<script type=\"application\/ld+json\" class=\"yoast-schema-graph\">{\"@context\":\"https:\/\/schema.org\",\"@graph\":[{\"@type\":\"Article\",\"@id\":\"https:\/\/www.grupozaragoza.com\/fr\/noticias-fr\/subventions-de-la-generalitat-valenciana-avalem-joves\/#article\",\"isPartOf\":{\"@id\":\"https:\/\/www.grupozaragoza.com\/fr\/noticias-fr\/subventions-de-la-generalitat-valenciana-avalem-joves\/\"},\"author\":{\"name\":\"MARKETING\",\"@id\":\"https:\/\/www.grupozaragoza.com\/#\/schema\/person\/fbb75be1a91cd591811151e34788f9e9\"},\"headline\":\"Subventions de la Generalitat Valenciana &#8211; Avalem Joves\",\"datePublished\":\"2021-07-07T08:57:22+00:00\",\"mainEntityOfPage\":{\"@id\":\"https:\/\/www.grupozaragoza.com\/fr\/noticias-fr\/subventions-de-la-generalitat-valenciana-avalem-joves\/\"},\"wordCount\":210,\"commentCount\":0,\"publisher\":{\"@id\":\"https:\/\/www.grupozaragoza.com\/#organization\"},\"image\":{\"@id\":\"https:\/\/www.grupozaragoza.com\/fr\/noticias-fr\/subventions-de-la-generalitat-valenciana-avalem-joves\/#primaryimage\"},\"thumbnailUrl\":\"https:\/\/www.grupozaragoza.com\/wp-content\/uploads\/2021\/07\/blog_thumbails_default.jpg\",\"articleSection\":[\"Informations\"],\"inLanguage\":\"fr-FR\",\"potentialAction\":[{\"@type\":\"CommentAction\",\"name\":\"Comment\",\"target\":[\"https:\/\/www.grupozaragoza.com\/fr\/noticias-fr\/subventions-de-la-generalitat-valenciana-avalem-joves\/#respond\"]}]},{\"@type\":\"WebPage\",\"@id\":\"https:\/\/www.grupozaragoza.com\/fr\/noticias-fr\/subventions-de-la-generalitat-valenciana-avalem-joves\/\",\"url\":\"https:\/\/www.grupozaragoza.com\/fr\/noticias-fr\/subventions-de-la-generalitat-valenciana-avalem-joves\/\",\"name\":\"Subventions de la Generalitat Valenciana - Avalem Joves - GRUPO ZARAGOZ\u00c1\",\"isPartOf\":{\"@id\":\"https:\/\/www.grupozaragoza.com\/#website\"},\"primaryImageOfPage\":{\"@id\":\"https:\/\/www.grupozaragoza.com\/fr\/noticias-fr\/subventions-de-la-generalitat-valenciana-avalem-joves\/#primaryimage\"},\"image\":{\"@id\":\"https:\/\/www.grupozaragoza.com\/fr\/noticias-fr\/subventions-de-la-generalitat-valenciana-avalem-joves\/#primaryimage\"},\"thumbnailUrl\":\"https:\/\/www.grupozaragoza.com\/wp-content\/uploads\/2021\/07\/blog_thumbails_default.jpg\",\"datePublished\":\"2021-07-07T08:57:22+00:00\",\"breadcrumb\":{\"@id\":\"https:\/\/www.grupozaragoza.com\/fr\/noticias-fr\/subventions-de-la-generalitat-valenciana-avalem-joves\/#breadcrumb\"},\"inLanguage\":\"fr-FR\",\"potentialAction\":[{\"@type\":\"ReadAction\",\"target\":[\"https:\/\/www.grupozaragoza.com\/fr\/noticias-fr\/subventions-de-la-generalitat-valenciana-avalem-joves\/\"]}]},{\"@type\":\"ImageObject\",\"inLanguage\":\"fr-FR\",\"@id\":\"https:\/\/www.grupozaragoza.com\/fr\/noticias-fr\/subventions-de-la-generalitat-valenciana-avalem-joves\/#primaryimage\",\"url\":\"https:\/\/www.grupozaragoza.com\/wp-content\/uploads\/2021\/07\/blog_thumbails_default.jpg\",\"contentUrl\":\"https:\/\/www.grupozaragoza.com\/wp-content\/uploads\/2021\/07\/blog_thumbails_default.jpg\",\"width\":557,\"height\":300},{\"@type\":\"BreadcrumbList\",\"@id\":\"https:\/\/www.grupozaragoza.com\/fr\/noticias-fr\/subventions-de-la-generalitat-valenciana-avalem-joves\/#breadcrumb\",\"itemListElement\":[{\"@type\":\"ListItem\",\"position\":1,\"name\":\"Portada\",\"item\":\"https:\/\/www.grupozaragoza.com\/fr\/\"},{\"@type\":\"ListItem\",\"position\":2,\"name\":\"Subventions de la Generalitat Valenciana &#8211; Avalem Joves\"}]},{\"@type\":\"WebSite\",\"@id\":\"https:\/\/www.grupozaragoza.com\/#website\",\"url\":\"https:\/\/www.grupozaragoza.com\/\",\"name\":\"GRUPO ZARAGOZ\u00c1\",\"description\":\"Ingenieria &amp; Arquitectura Creativa\",\"publisher\":{\"@id\":\"https:\/\/www.grupozaragoza.com\/#organization\"},\"potentialAction\":[{\"@type\":\"SearchAction\",\"target\":{\"@type\":\"EntryPoint\",\"urlTemplate\":\"https:\/\/www.grupozaragoza.com\/?s={search_term_string}\"},\"query-input\":{\"@type\":\"PropertyValueSpecification\",\"valueRequired\":true,\"valueName\":\"search_term_string\"}}],\"inLanguage\":\"fr-FR\"},{\"@type\":\"Organization\",\"@id\":\"https:\/\/www.grupozaragoza.com\/#organization\",\"name\":\"GRUPO ZARAGOZ\u00c1\",\"url\":\"https:\/\/www.grupozaragoza.com\/\",\"logo\":{\"@type\":\"ImageObject\",\"inLanguage\":\"fr-FR\",\"@id\":\"https:\/\/www.grupozaragoza.com\/#\/schema\/logo\/image\/\",\"url\":\"https:\/\/www.grupozaragoza.com\/wp-content\/uploads\/2017\/08\/logo_zaragoza.png\",\"contentUrl\":\"https:\/\/www.grupozaragoza.com\/wp-content\/uploads\/2017\/08\/logo_zaragoza.png\",\"width\":676,\"height\":180,\"caption\":\"GRUPO ZARAGOZ\u00c1\"},\"image\":{\"@id\":\"https:\/\/www.grupozaragoza.com\/#\/schema\/logo\/image\/\"},\"sameAs\":[\"https:\/\/www.linkedin.com\/company\/grupozaragoza\/\",\"https:\/\/www.instagram.com\/grupozaragoza_com\/\"]},{\"@type\":\"Person\",\"@id\":\"https:\/\/www.grupozaragoza.com\/#\/schema\/person\/fbb75be1a91cd591811151e34788f9e9\",\"name\":\"MARKETING\",\"image\":{\"@type\":\"ImageObject\",\"inLanguage\":\"fr-FR\",\"@id\":\"https:\/\/www.grupozaragoza.com\/#\/schema\/person\/image\/\",\"url\":\"https:\/\/secure.gravatar.com\/avatar\/33f112a6621197994ea1e32ea1b347ad45be37f5a9512f0de4b7600bbc051dc4?s=96&d=mm&r=g\",\"contentUrl\":\"https:\/\/secure.gravatar.com\/avatar\/33f112a6621197994ea1e32ea1b347ad45be37f5a9512f0de4b7600bbc051dc4?s=96&d=mm&r=g\",\"caption\":\"MARKETING\"},\"url\":\"https:\/\/www.grupozaragoza.com\/fr\/author\/marketing\/\"}]}<\/script>\n<!-- \/ Yoast SEO plugin. -->","yoast_head_json":{"title":"Subventions de la Generalitat Valenciana - Avalem Joves - GRUPO ZARAGOZ\u00c1","robots":{"index":"index","follow":"follow","max-snippet":"max-snippet:-1","max-image-preview":"max-image-preview:large","max-video-preview":"max-video-preview:-1"},"canonical":"https:\/\/www.grupozaragoza.com\/fr\/noticias-fr\/subventions-de-la-generalitat-valenciana-avalem-joves\/","og_locale":"fr_FR","og_type":"article","og_title":"Subventions de la Generalitat Valenciana - Avalem Joves - GRUPO ZARAGOZ\u00c1","og_description":"El Servicio Territorial de Fomento del Empleo de Valencia &#8211; Direcci\u00f3n Territorial de Conselleria Econom\u00eda Sostenible, Sectores Productivos, Comercio y Trabajo de Valencia de la GENERALITAT VALENCIANA a d\u00e9cid\u00e9 d&rsquo;accorder \u00e0 ZARAGOZ\u00c1 MEDIENERCO, S.L.U une aide \u00e0 l&#8217;embauche dans le cadre des programmes de promotion...","og_url":"https:\/\/www.grupozaragoza.com\/fr\/noticias-fr\/subventions-de-la-generalitat-valenciana-avalem-joves\/","og_site_name":"GRUPO ZARAGOZ\u00c1","article_published_time":"2021-07-07T08:57:22+00:00","og_image":[{"width":557,"height":300,"url":"https:\/\/www.grupozaragoza.com\/wp-content\/uploads\/2021\/07\/blog_thumbails_default.jpg","type":"image\/jpeg"}],"author":"MARKETING","twitter_card":"summary_large_image","twitter_misc":{"\u00c9crit par":"MARKETING","Dur\u00e9e de lecture estim\u00e9e":"2 minutes"},"schema":{"@context":"https:\/\/schema.org","@graph":[{"@type":"Article","@id":"https:\/\/www.grupozaragoza.com\/fr\/noticias-fr\/subventions-de-la-generalitat-valenciana-avalem-joves\/#article","isPartOf":{"@id":"https:\/\/www.grupozaragoza.com\/fr\/noticias-fr\/subventions-de-la-generalitat-valenciana-avalem-joves\/"},"author":{"name":"MARKETING","@id":"https:\/\/www.grupozaragoza.com\/#\/schema\/person\/fbb75be1a91cd591811151e34788f9e9"},"headline":"Subventions de la Generalitat Valenciana &#8211; Avalem Joves","datePublished":"2021-07-07T08:57:22+00:00","mainEntityOfPage":{"@id":"https:\/\/www.grupozaragoza.com\/fr\/noticias-fr\/subventions-de-la-generalitat-valenciana-avalem-joves\/"},"wordCount":210,"commentCount":0,"publisher":{"@id":"https:\/\/www.grupozaragoza.com\/#organization"},"image":{"@id":"https:\/\/www.grupozaragoza.com\/fr\/noticias-fr\/subventions-de-la-generalitat-valenciana-avalem-joves\/#primaryimage"},"thumbnailUrl":"https:\/\/www.grupozaragoza.com\/wp-content\/uploads\/2021\/07\/blog_thumbails_default.jpg","articleSection":["Informations"],"inLanguage":"fr-FR","potentialAction":[{"@type":"CommentAction","name":"Comment","target":["https:\/\/www.grupozaragoza.com\/fr\/noticias-fr\/subventions-de-la-generalitat-valenciana-avalem-joves\/#respond"]}]},{"@type":"WebPage","@id":"https:\/\/www.grupozaragoza.com\/fr\/noticias-fr\/subventions-de-la-generalitat-valenciana-avalem-joves\/","url":"https:\/\/www.grupozaragoza.com\/fr\/noticias-fr\/subventions-de-la-generalitat-valenciana-avalem-joves\/","name":"Subventions de la Generalitat Valenciana - Avalem Joves - GRUPO ZARAGOZ\u00c1","isPartOf":{"@id":"https:\/\/www.grupozaragoza.com\/#website"},"primaryImageOfPage":{"@id":"https:\/\/www.grupozaragoza.com\/fr\/noticias-fr\/subventions-de-la-generalitat-valenciana-avalem-joves\/#primaryimage"},"image":{"@id":"https:\/\/www.grupozaragoza.com\/fr\/noticias-fr\/subventions-de-la-generalitat-valenciana-avalem-joves\/#primaryimage"},"thumbnailUrl":"https:\/\/www.grupozaragoza.com\/wp-content\/uploads\/2021\/07\/blog_thumbails_default.jpg","datePublished":"2021-07-07T08:57:22+00:00","breadcrumb":{"@id":"https:\/\/www.grupozaragoza.com\/fr\/noticias-fr\/subventions-de-la-generalitat-valenciana-avalem-joves\/#breadcrumb"},"inLanguage":"fr-FR","potentialAction":[{"@type":"ReadAction","target":["https:\/\/www.grupozaragoza.com\/fr\/noticias-fr\/subventions-de-la-generalitat-valenciana-avalem-joves\/"]}]},{"@type":"ImageObject","inLanguage":"fr-FR","@id":"https:\/\/www.grupozaragoza.com\/fr\/noticias-fr\/subventions-de-la-generalitat-valenciana-avalem-joves\/#primaryimage","url":"https:\/\/www.grupozaragoza.com\/wp-content\/uploads\/2021\/07\/blog_thumbails_default.jpg","contentUrl":"https:\/\/www.grupozaragoza.com\/wp-content\/uploads\/2021\/07\/blog_thumbails_default.jpg","width":557,"height":300},{"@type":"BreadcrumbList","@id":"https:\/\/www.grupozaragoza.com\/fr\/noticias-fr\/subventions-de-la-generalitat-valenciana-avalem-joves\/#breadcrumb","itemListElement":[{"@type":"ListItem","position":1,"name":"Portada","item":"https:\/\/www.grupozaragoza.com\/fr\/"},{"@type":"ListItem","position":2,"name":"Subventions de la Generalitat Valenciana &#8211; Avalem Joves"}]},{"@type":"WebSite","@id":"https:\/\/www.grupozaragoza.com\/#website","url":"https:\/\/www.grupozaragoza.com\/","name":"GRUPO ZARAGOZ\u00c1","description":"Ingenieria &amp; Arquitectura Creativa","publisher":{"@id":"https:\/\/www.grupozaragoza.com\/#organization"},"potentialAction":[{"@type":"SearchAction","target":{"@type":"EntryPoint","urlTemplate":"https:\/\/www.grupozaragoza.com\/?s={search_term_string}"},"query-input":{"@type":"PropertyValueSpecification","valueRequired":true,"valueName":"search_term_string"}}],"inLanguage":"fr-FR"},{"@type":"Organization","@id":"https:\/\/www.grupozaragoza.com\/#organization","name":"GRUPO ZARAGOZ\u00c1","url":"https:\/\/www.grupozaragoza.com\/","logo":{"@type":"ImageObject","inLanguage":"fr-FR","@id":"https:\/\/www.grupozaragoza.com\/#\/schema\/logo\/image\/","url":"https:\/\/www.grupozaragoza.com\/wp-content\/uploads\/2017\/08\/logo_zaragoza.png","contentUrl":"https:\/\/www.grupozaragoza.com\/wp-content\/uploads\/2017\/08\/logo_zaragoza.png","width":676,"height":180,"caption":"GRUPO ZARAGOZ\u00c1"},"image":{"@id":"https:\/\/www.grupozaragoza.com\/#\/schema\/logo\/image\/"},"sameAs":["https:\/\/www.linkedin.com\/company\/grupozaragoza\/","https:\/\/www.instagram.com\/grupozaragoza_com\/"]},{"@type":"Person","@id":"https:\/\/www.grupozaragoza.com\/#\/schema\/person\/fbb75be1a91cd591811151e34788f9e9","name":"MARKETING","image":{"@type":"ImageObject","inLanguage":"fr-FR","@id":"https:\/\/www.grupozaragoza.com\/#\/schema\/person\/image\/","url":"https:\/\/secure.gravatar.com\/avatar\/33f112a6621197994ea1e32ea1b347ad45be37f5a9512f0de4b7600bbc051dc4?s=96&d=mm&r=g","contentUrl":"https:\/\/secure.gravatar.com\/avatar\/33f112a6621197994ea1e32ea1b347ad45be37f5a9512f0de4b7600bbc051dc4?s=96&d=mm&r=g","caption":"MARKETING"},"url":"https:\/\/www.grupozaragoza.com\/fr\/author\/marketing\/"}]}},"_links":{"self":[{"href":"https:\/\/www.grupozaragoza.com\/fr\/wp-json\/wp\/v2\/posts\/9329","targetHints":{"allow":["GET"]}}],"collection":[{"href":"https:\/\/www.grupozaragoza.com\/fr\/wp-json\/wp\/v2\/posts"}],"about":[{"href":"https:\/\/www.grupozaragoza.com\/fr\/wp-json\/wp\/v2\/types\/post"}],"author":[{"embeddable":true,"href":"https:\/\/www.grupozaragoza.com\/fr\/wp-json\/wp\/v2\/users\/4"}],"replies":[{"embeddable":true,"href":"https:\/\/www.grupozaragoza.com\/fr\/wp-json\/wp\/v2\/comments?post=9329"}],"version-history":[{"count":1,"href":"https:\/\/www.grupozaragoza.com\/fr\/wp-json\/wp\/v2\/posts\/9329\/revisions"}],"predecessor-version":[{"id":9330,"href":"https:\/\/www.grupozaragoza.com\/fr\/wp-json\/wp\/v2\/posts\/9329\/revisions\/9330"}],"wp:featuredmedia":[{"embeddable":true,"href":"https:\/\/www.grupozaragoza.com\/fr\/wp-json\/wp\/v2\/media\/9336"}],"wp:attachment":[{"href":"https:\/\/www.grupozaragoza.com\/fr\/wp-json\/wp\/v2\/media?parent=9329"}],"wp:term":[{"taxonomy":"category","embeddable":true,"href":"https:\/\/www.grupozaragoza.com\/fr\/wp-json\/wp\/v2\/categories?post=9329"},{"taxonomy":"post_tag","embeddable":true,"href":"https:\/\/www.grupozaragoza.com\/fr\/wp-json\/wp\/v2\/tags?post=9329"}],"curies":[{"name":"wp","href":"https:\/\/api.w.org\/{rel}","templated":true}]}}