{"id":2570,"date":"2015-07-14T16:18:40","date_gmt":"2015-07-14T16:18:40","guid":{"rendered":"http:\/\/www.grupozaragoza.com\/non-classifiee\/nuevo-om-en-espana-2\/"},"modified":"2024-05-07T12:42:58","modified_gmt":"2024-05-07T11:42:58","slug":"nouveau-om-en-espagne","status":"publish","type":"post","link":"https:\/\/www.grupozaragoza.com\/fr\/noticias-fr\/nouveau-om-en-espagne\/","title":{"rendered":"Nouveau O&#038;M en Espagne"},"content":{"rendered":"<p style=\"text-align: justify;\"><i class=\"icon-right-dir\" style=\"color: #3d7099;\"><\/i>GRUPO ZARAGOZ\u00c1 a conclu un contrat pour le service de supervision et maintenance d\u2019une centrale photovolta\u00efque de 2,27MW \u00e0 Cordoba, en agrandissant ainsi son portefeuille des centrales en gestion en Espagne. La centrale est compos\u00e9e par 21 installations de 90 kW et une quantit\u00e9 totale de 10.584 panneaux appuy\u00e9s sur une structure fixe.<\/p>\n","protected":false},"excerpt":{"rendered":"<p>GRUPO ZARAGOZ\u00c1 a conclu un contrat pour le service de supervision et maintenance d\u2019une centrale photovolta\u00efque de 2,27MW \u00e0 Cordoba, en agrandissant ainsi son portefeuille des centrales en gestion en Espagne. La centrale est compos\u00e9e par 21 installations de 90 kW et une quantit\u00e9 totale de 10.584 panneaux appuy\u00e9s sur une structure fixe.<\/p>\n","protected":false},"author":2,"featured_media":5722,"comment_status":"closed","ping_status":"open","sticky":false,"template":"","format":"standard","meta":{"_acf_changed":false,"footnotes":""},"categories":[77,84],"tags":[56,78,190],"class_list":["post-2570","post","type-post","status-publish","format-standard","has-post-thumbnail","hentry","category-noticias-fr","category-nacional-fr","tag-nacional-2","tag-internacional-2-fr","tag-nacional-fr"],"acf":[],"yoast_head":"<!-- This site is optimized with the Yoast SEO plugin v26.8 - https:\/\/yoast.com\/product\/yoast-seo-wordpress\/ -->\n<title>Nouveau O&amp;M en Espagne - GRUPO ZARAGOZ\u00c1<\/title>\n<meta name=\"robots\" content=\"index, follow, max-snippet:-1, max-image-preview:large, max-video-preview:-1\" \/>\n<link rel=\"canonical\" href=\"https:\/\/www.grupozaragoza.com\/fr\/noticias-fr\/nouveau-om-en-espagne\/\" \/>\n<meta property=\"og:locale\" content=\"fr_FR\" \/>\n<meta property=\"og:type\" content=\"article\" \/>\n<meta property=\"og:title\" content=\"Nouveau O&amp;M en Espagne - GRUPO ZARAGOZ\u00c1\" \/>\n<meta property=\"og:description\" content=\"GRUPO ZARAGOZ\u00c1 a conclu un contrat pour le service de supervision et maintenance d\u2019une centrale photovolta\u00efque de 2,27MW \u00e0 Cordoba, en agrandissant ainsi son portefeuille des centrales en gestion en Espagne. La centrale est compos\u00e9e par 21 installations de 90 kW et une quantit\u00e9 totale de 10.584 panneaux appuy\u00e9s sur une structure fixe.\" \/>\n<meta property=\"og:url\" content=\"https:\/\/www.grupozaragoza.com\/fr\/noticias-fr\/nouveau-om-en-espagne\/\" \/>\n<meta property=\"og:site_name\" content=\"GRUPO ZARAGOZ\u00c1\" \/>\n<meta property=\"article:published_time\" content=\"2015-07-14T16:18:40+00:00\" \/>\n<meta property=\"article:modified_time\" content=\"2024-05-07T11:42:58+00:00\" \/>\n<meta property=\"og:image\" content=\"https:\/\/www.grupozaragoza.com\/wp-content\/uploads\/2017\/09\/La-Rinconada-2-1.jpg\" \/>\n\t<meta property=\"og:image:width\" content=\"1300\" \/>\n\t<meta property=\"og:image:height\" content=\"730\" \/>\n\t<meta property=\"og:image:type\" content=\"image\/jpeg\" \/>\n<meta name=\"author\" content=\"gzaragoza\" \/>\n<meta name=\"twitter:card\" content=\"summary_large_image\" \/>\n<meta name=\"twitter:label1\" content=\"\u00c9crit par\" \/>\n\t<meta name=\"twitter:data1\" content=\"gzaragoza\" \/>\n\t<meta name=\"twitter:label2\" content=\"Dur\u00e9e de lecture estim\u00e9e\" \/>\n\t<meta name=\"twitter:data2\" content=\"1 minute\" \/>\n<script type=\"application\/ld+json\" class=\"yoast-schema-graph\">{\"@context\":\"https:\/\/schema.org\",\"@graph\":[{\"@type\":\"Article\",\"@id\":\"https:\/\/www.grupozaragoza.com\/fr\/noticias-fr\/nouveau-om-en-espagne\/#article\",\"isPartOf\":{\"@id\":\"https:\/\/www.grupozaragoza.com\/fr\/noticias-fr\/nouveau-om-en-espagne\/\"},\"author\":{\"name\":\"gzaragoza\",\"@id\":\"https:\/\/www.grupozaragoza.com\/#\/schema\/person\/2b474f9f35e88147d067c40a629f8a51\"},\"headline\":\"Nouveau O&#038;M en Espagne\",\"datePublished\":\"2015-07-14T16:18:40+00:00\",\"dateModified\":\"2024-05-07T11:42:58+00:00\",\"mainEntityOfPage\":{\"@id\":\"https:\/\/www.grupozaragoza.com\/fr\/noticias-fr\/nouveau-om-en-espagne\/\"},\"wordCount\":58,\"publisher\":{\"@id\":\"https:\/\/www.grupozaragoza.com\/#organization\"},\"image\":{\"@id\":\"https:\/\/www.grupozaragoza.com\/fr\/noticias-fr\/nouveau-om-en-espagne\/#primaryimage\"},\"thumbnailUrl\":\"https:\/\/www.grupozaragoza.com\/wp-content\/uploads\/2017\/09\/La-Rinconada-2-1.jpg\",\"keywords\":[\"Nacional\",\"International\",\"Nacional\"],\"articleSection\":[\"Informations\",\"National\"],\"inLanguage\":\"fr-FR\"},{\"@type\":\"WebPage\",\"@id\":\"https:\/\/www.grupozaragoza.com\/fr\/noticias-fr\/nouveau-om-en-espagne\/\",\"url\":\"https:\/\/www.grupozaragoza.com\/fr\/noticias-fr\/nouveau-om-en-espagne\/\",\"name\":\"Nouveau O&M en Espagne - GRUPO ZARAGOZ\u00c1\",\"isPartOf\":{\"@id\":\"https:\/\/www.grupozaragoza.com\/#website\"},\"primaryImageOfPage\":{\"@id\":\"https:\/\/www.grupozaragoza.com\/fr\/noticias-fr\/nouveau-om-en-espagne\/#primaryimage\"},\"image\":{\"@id\":\"https:\/\/www.grupozaragoza.com\/fr\/noticias-fr\/nouveau-om-en-espagne\/#primaryimage\"},\"thumbnailUrl\":\"https:\/\/www.grupozaragoza.com\/wp-content\/uploads\/2017\/09\/La-Rinconada-2-1.jpg\",\"datePublished\":\"2015-07-14T16:18:40+00:00\",\"dateModified\":\"2024-05-07T11:42:58+00:00\",\"breadcrumb\":{\"@id\":\"https:\/\/www.grupozaragoza.com\/fr\/noticias-fr\/nouveau-om-en-espagne\/#breadcrumb\"},\"inLanguage\":\"fr-FR\",\"potentialAction\":[{\"@type\":\"ReadAction\",\"target\":[\"https:\/\/www.grupozaragoza.com\/fr\/noticias-fr\/nouveau-om-en-espagne\/\"]}]},{\"@type\":\"ImageObject\",\"inLanguage\":\"fr-FR\",\"@id\":\"https:\/\/www.grupozaragoza.com\/fr\/noticias-fr\/nouveau-om-en-espagne\/#primaryimage\",\"url\":\"https:\/\/www.grupozaragoza.com\/wp-content\/uploads\/2017\/09\/La-Rinconada-2-1.jpg\",\"contentUrl\":\"https:\/\/www.grupozaragoza.com\/wp-content\/uploads\/2017\/09\/La-Rinconada-2-1.jpg\",\"width\":1300,\"height\":730},{\"@type\":\"BreadcrumbList\",\"@id\":\"https:\/\/www.grupozaragoza.com\/fr\/noticias-fr\/nouveau-om-en-espagne\/#breadcrumb\",\"itemListElement\":[{\"@type\":\"ListItem\",\"position\":1,\"name\":\"Portada\",\"item\":\"https:\/\/www.grupozaragoza.com\/fr\/\"},{\"@type\":\"ListItem\",\"position\":2,\"name\":\"Nouveau O&#038;M en Espagne\"}]},{\"@type\":\"WebSite\",\"@id\":\"https:\/\/www.grupozaragoza.com\/#website\",\"url\":\"https:\/\/www.grupozaragoza.com\/\",\"name\":\"GRUPO ZARAGOZ\u00c1\",\"description\":\"Ingenieria &amp; Arquitectura Creativa\",\"publisher\":{\"@id\":\"https:\/\/www.grupozaragoza.com\/#organization\"},\"potentialAction\":[{\"@type\":\"SearchAction\",\"target\":{\"@type\":\"EntryPoint\",\"urlTemplate\":\"https:\/\/www.grupozaragoza.com\/?s={search_term_string}\"},\"query-input\":{\"@type\":\"PropertyValueSpecification\",\"valueRequired\":true,\"valueName\":\"search_term_string\"}}],\"inLanguage\":\"fr-FR\"},{\"@type\":\"Organization\",\"@id\":\"https:\/\/www.grupozaragoza.com\/#organization\",\"name\":\"GRUPO ZARAGOZ\u00c1\",\"url\":\"https:\/\/www.grupozaragoza.com\/\",\"logo\":{\"@type\":\"ImageObject\",\"inLanguage\":\"fr-FR\",\"@id\":\"https:\/\/www.grupozaragoza.com\/#\/schema\/logo\/image\/\",\"url\":\"https:\/\/www.grupozaragoza.com\/wp-content\/uploads\/2017\/08\/logo_zaragoza.png\",\"contentUrl\":\"https:\/\/www.grupozaragoza.com\/wp-content\/uploads\/2017\/08\/logo_zaragoza.png\",\"width\":676,\"height\":180,\"caption\":\"GRUPO ZARAGOZ\u00c1\"},\"image\":{\"@id\":\"https:\/\/www.grupozaragoza.com\/#\/schema\/logo\/image\/\"},\"sameAs\":[\"https:\/\/www.linkedin.com\/company\/grupozaragoza\/\",\"https:\/\/www.instagram.com\/grupozaragoza_com\/\"]},{\"@type\":\"Person\",\"@id\":\"https:\/\/www.grupozaragoza.com\/#\/schema\/person\/2b474f9f35e88147d067c40a629f8a51\",\"name\":\"gzaragoza\",\"image\":{\"@type\":\"ImageObject\",\"inLanguage\":\"fr-FR\",\"@id\":\"https:\/\/www.grupozaragoza.com\/#\/schema\/person\/image\/\",\"url\":\"https:\/\/secure.gravatar.com\/avatar\/87a1ebb08397ef1f900abcb304ae9dea819aa4df5786593acd98220ba8696de5?s=96&d=mm&r=g\",\"contentUrl\":\"https:\/\/secure.gravatar.com\/avatar\/87a1ebb08397ef1f900abcb304ae9dea819aa4df5786593acd98220ba8696de5?s=96&d=mm&r=g\",\"caption\":\"gzaragoza\"},\"url\":\"https:\/\/www.grupozaragoza.com\/fr\/author\/gzaragoza\/\"}]}<\/script>\n<!-- \/ Yoast SEO plugin. -->","yoast_head_json":{"title":"Nouveau O&M en Espagne - GRUPO ZARAGOZ\u00c1","robots":{"index":"index","follow":"follow","max-snippet":"max-snippet:-1","max-image-preview":"max-image-preview:large","max-video-preview":"max-video-preview:-1"},"canonical":"https:\/\/www.grupozaragoza.com\/fr\/noticias-fr\/nouveau-om-en-espagne\/","og_locale":"fr_FR","og_type":"article","og_title":"Nouveau O&M en Espagne - GRUPO ZARAGOZ\u00c1","og_description":"GRUPO ZARAGOZ\u00c1 a conclu un contrat pour le service de supervision et maintenance d\u2019une centrale photovolta\u00efque de 2,27MW \u00e0 Cordoba, en agrandissant ainsi son portefeuille des centrales en gestion en Espagne. La centrale est compos\u00e9e par 21 installations de 90 kW et une quantit\u00e9 totale de 10.584 panneaux appuy\u00e9s sur une structure fixe.","og_url":"https:\/\/www.grupozaragoza.com\/fr\/noticias-fr\/nouveau-om-en-espagne\/","og_site_name":"GRUPO ZARAGOZ\u00c1","article_published_time":"2015-07-14T16:18:40+00:00","article_modified_time":"2024-05-07T11:42:58+00:00","og_image":[{"width":1300,"height":730,"url":"https:\/\/www.grupozaragoza.com\/wp-content\/uploads\/2017\/09\/La-Rinconada-2-1.jpg","type":"image\/jpeg"}],"author":"gzaragoza","twitter_card":"summary_large_image","twitter_misc":{"\u00c9crit par":"gzaragoza","Dur\u00e9e de lecture estim\u00e9e":"1 minute"},"schema":{"@context":"https:\/\/schema.org","@graph":[{"@type":"Article","@id":"https:\/\/www.grupozaragoza.com\/fr\/noticias-fr\/nouveau-om-en-espagne\/#article","isPartOf":{"@id":"https:\/\/www.grupozaragoza.com\/fr\/noticias-fr\/nouveau-om-en-espagne\/"},"author":{"name":"gzaragoza","@id":"https:\/\/www.grupozaragoza.com\/#\/schema\/person\/2b474f9f35e88147d067c40a629f8a51"},"headline":"Nouveau O&#038;M en Espagne","datePublished":"2015-07-14T16:18:40+00:00","dateModified":"2024-05-07T11:42:58+00:00","mainEntityOfPage":{"@id":"https:\/\/www.grupozaragoza.com\/fr\/noticias-fr\/nouveau-om-en-espagne\/"},"wordCount":58,"publisher":{"@id":"https:\/\/www.grupozaragoza.com\/#organization"},"image":{"@id":"https:\/\/www.grupozaragoza.com\/fr\/noticias-fr\/nouveau-om-en-espagne\/#primaryimage"},"thumbnailUrl":"https:\/\/www.grupozaragoza.com\/wp-content\/uploads\/2017\/09\/La-Rinconada-2-1.jpg","keywords":["Nacional","International","Nacional"],"articleSection":["Informations","National"],"inLanguage":"fr-FR"},{"@type":"WebPage","@id":"https:\/\/www.grupozaragoza.com\/fr\/noticias-fr\/nouveau-om-en-espagne\/","url":"https:\/\/www.grupozaragoza.com\/fr\/noticias-fr\/nouveau-om-en-espagne\/","name":"Nouveau O&M en Espagne - GRUPO ZARAGOZ\u00c1","isPartOf":{"@id":"https:\/\/www.grupozaragoza.com\/#website"},"primaryImageOfPage":{"@id":"https:\/\/www.grupozaragoza.com\/fr\/noticias-fr\/nouveau-om-en-espagne\/#primaryimage"},"image":{"@id":"https:\/\/www.grupozaragoza.com\/fr\/noticias-fr\/nouveau-om-en-espagne\/#primaryimage"},"thumbnailUrl":"https:\/\/www.grupozaragoza.com\/wp-content\/uploads\/2017\/09\/La-Rinconada-2-1.jpg","datePublished":"2015-07-14T16:18:40+00:00","dateModified":"2024-05-07T11:42:58+00:00","breadcrumb":{"@id":"https:\/\/www.grupozaragoza.com\/fr\/noticias-fr\/nouveau-om-en-espagne\/#breadcrumb"},"inLanguage":"fr-FR","potentialAction":[{"@type":"ReadAction","target":["https:\/\/www.grupozaragoza.com\/fr\/noticias-fr\/nouveau-om-en-espagne\/"]}]},{"@type":"ImageObject","inLanguage":"fr-FR","@id":"https:\/\/www.grupozaragoza.com\/fr\/noticias-fr\/nouveau-om-en-espagne\/#primaryimage","url":"https:\/\/www.grupozaragoza.com\/wp-content\/uploads\/2017\/09\/La-Rinconada-2-1.jpg","contentUrl":"https:\/\/www.grupozaragoza.com\/wp-content\/uploads\/2017\/09\/La-Rinconada-2-1.jpg","width":1300,"height":730},{"@type":"BreadcrumbList","@id":"https:\/\/www.grupozaragoza.com\/fr\/noticias-fr\/nouveau-om-en-espagne\/#breadcrumb","itemListElement":[{"@type":"ListItem","position":1,"name":"Portada","item":"https:\/\/www.grupozaragoza.com\/fr\/"},{"@type":"ListItem","position":2,"name":"Nouveau O&#038;M en Espagne"}]},{"@type":"WebSite","@id":"https:\/\/www.grupozaragoza.com\/#website","url":"https:\/\/www.grupozaragoza.com\/","name":"GRUPO ZARAGOZ\u00c1","description":"Ingenieria &amp; Arquitectura Creativa","publisher":{"@id":"https:\/\/www.grupozaragoza.com\/#organization"},"potentialAction":[{"@type":"SearchAction","target":{"@type":"EntryPoint","urlTemplate":"https:\/\/www.grupozaragoza.com\/?s={search_term_string}"},"query-input":{"@type":"PropertyValueSpecification","valueRequired":true,"valueName":"search_term_string"}}],"inLanguage":"fr-FR"},{"@type":"Organization","@id":"https:\/\/www.grupozaragoza.com\/#organization","name":"GRUPO ZARAGOZ\u00c1","url":"https:\/\/www.grupozaragoza.com\/","logo":{"@type":"ImageObject","inLanguage":"fr-FR","@id":"https:\/\/www.grupozaragoza.com\/#\/schema\/logo\/image\/","url":"https:\/\/www.grupozaragoza.com\/wp-content\/uploads\/2017\/08\/logo_zaragoza.png","contentUrl":"https:\/\/www.grupozaragoza.com\/wp-content\/uploads\/2017\/08\/logo_zaragoza.png","width":676,"height":180,"caption":"GRUPO ZARAGOZ\u00c1"},"image":{"@id":"https:\/\/www.grupozaragoza.com\/#\/schema\/logo\/image\/"},"sameAs":["https:\/\/www.linkedin.com\/company\/grupozaragoza\/","https:\/\/www.instagram.com\/grupozaragoza_com\/"]},{"@type":"Person","@id":"https:\/\/www.grupozaragoza.com\/#\/schema\/person\/2b474f9f35e88147d067c40a629f8a51","name":"gzaragoza","image":{"@type":"ImageObject","inLanguage":"fr-FR","@id":"https:\/\/www.grupozaragoza.com\/#\/schema\/person\/image\/","url":"https:\/\/secure.gravatar.com\/avatar\/87a1ebb08397ef1f900abcb304ae9dea819aa4df5786593acd98220ba8696de5?s=96&d=mm&r=g","contentUrl":"https:\/\/secure.gravatar.com\/avatar\/87a1ebb08397ef1f900abcb304ae9dea819aa4df5786593acd98220ba8696de5?s=96&d=mm&r=g","caption":"gzaragoza"},"url":"https:\/\/www.grupozaragoza.com\/fr\/author\/gzaragoza\/"}]}},"_links":{"self":[{"href":"https:\/\/www.grupozaragoza.com\/fr\/wp-json\/wp\/v2\/posts\/2570","targetHints":{"allow":["GET"]}}],"collection":[{"href":"https:\/\/www.grupozaragoza.com\/fr\/wp-json\/wp\/v2\/posts"}],"about":[{"href":"https:\/\/www.grupozaragoza.com\/fr\/wp-json\/wp\/v2\/types\/post"}],"author":[{"embeddable":true,"href":"https:\/\/www.grupozaragoza.com\/fr\/wp-json\/wp\/v2\/users\/2"}],"replies":[{"embeddable":true,"href":"https:\/\/www.grupozaragoza.com\/fr\/wp-json\/wp\/v2\/comments?post=2570"}],"version-history":[{"count":1,"href":"https:\/\/www.grupozaragoza.com\/fr\/wp-json\/wp\/v2\/posts\/2570\/revisions"}],"predecessor-version":[{"id":11607,"href":"https:\/\/www.grupozaragoza.com\/fr\/wp-json\/wp\/v2\/posts\/2570\/revisions\/11607"}],"wp:featuredmedia":[{"embeddable":true,"href":"https:\/\/www.grupozaragoza.com\/fr\/wp-json\/wp\/v2\/media\/5722"}],"wp:attachment":[{"href":"https:\/\/www.grupozaragoza.com\/fr\/wp-json\/wp\/v2\/media?parent=2570"}],"wp:term":[{"taxonomy":"category","embeddable":true,"href":"https:\/\/www.grupozaragoza.com\/fr\/wp-json\/wp\/v2\/categories?post=2570"},{"taxonomy":"post_tag","embeddable":true,"href":"https:\/\/www.grupozaragoza.com\/fr\/wp-json\/wp\/v2\/tags?post=2570"}],"curies":[{"name":"wp","href":"https:\/\/api.w.org\/{rel}","templated":true}]}}