{"id":12737,"date":"2026-03-17T16:55:12","date_gmt":"2026-03-17T15:55:12","guid":{"rendered":"https:\/\/www.grupozaragoza.com\/nacional\/nous-avons-connecte-grijota1-et-grijota2\/"},"modified":"2026-03-17T17:12:42","modified_gmt":"2026-03-17T16:12:42","slug":"nous-avons-connecte-herrera3","status":"publish","type":"post","link":"https:\/\/www.grupozaragoza.com\/fr\/nacional-fr\/nous-avons-connecte-herrera3\/","title":{"rendered":"NOUS AVONS CONNECT\u00c9 HERRERA III AU R\u00c9SEAU EN PROVINCE DE PALENCIA"},"content":{"rendered":"<div class=\"wpb-content-wrapper\"><p>[vc_row css_animation=\u00a0\u00bb\u00a0\u00bb row_type=\u00a0\u00bbrow\u00a0\u00bb use_row_as_full_screen_section=\u00a0\u00bbno\u00a0\u00bb type=\u00a0\u00bbfull_width\u00a0\u00bb angled_section=\u00a0\u00bbno\u00a0\u00bb text_align=\u00a0\u00bbleft\u00a0\u00bb background_image_as_pattern=\u00a0\u00bbwithout_pattern\u00a0\u00bb][vc_column][vc_column_text]<\/p>\n<p data-start=\"82\" data-end=\"277\">Apr\u00e8s la mise sous tension des centrales solaires <strong>GRIJOTA I (51,9 MWp)<\/strong> et <strong>GRIJOTA II (52,9 MWp)<\/strong> en ao\u00fbt 2025, chez GRUPO ZARAGOZ\u00c1, nous poursuivons notre progression dans la province de Palencia.<\/p>\n<p data-start=\"279\" data-end=\"404\">Le lundi 16 mars, nous avons proc\u00e9d\u00e9 \u00e0 la <strong>mise sous tension de la centrale solaire HERRERA III<\/strong>, situ\u00e9e \u00e0 Herrera de Pisuerga.<\/p>\n<p data-start=\"406\" data-end=\"691\"><strong>HERRERA III<\/strong> atteint une puissance de pointe de <strong>33,1 MW<\/strong>p et s\u2019\u00e9tend sur 58,94 hectares. Sa production annuelle estim\u00e9e s\u2019\u00e9l\u00e8ve \u00e0 62.364.000 kWh, soit suffisamment d\u2019\u00e9nergie pour alimenter plus de 19.100 foyers, avec une r\u00e9duction des \u00e9missions \u00e9quivalente \u00e0 49.712 tonnes de CO\u2082 par an.<\/p>\n<p data-start=\"693\" data-end=\"910\">De son c\u00f4t\u00e9, la centrale<strong> HERRERA II (52,2 MWp)<\/strong>, situ\u00e9e sur les communes de Pr\u00e1danos de Ojeda et Dehesa de Romanos, a atteint le Mechanical Completion en d\u00e9cembre 2025 et sera mise sous tension au cours de cette ann\u00e9e.<\/p>\n<p data-start=\"912\" data-end=\"1134\">Ainsi, chez GRUPO ZARAGOZ\u00c1, nous assurons l\u2019exploitation et la maintenance de GRIJOTA I, GRIJOTA II et HERRERA III dans la province de Palencia, tout en poursuivant les travaux en vue de la mise sous tension de HERRERA II.<\/p>\n<p data-start=\"1136\" data-end=\"1318\">Derri\u00e8re ces projets, il y a un travail collectif men\u00e9 par des \u00e9quipes qui les ont rendus possibles, depuis leur d\u00e9veloppement jusqu\u2019\u00e0 leur mise en service. Merci \u00e0 toutes et \u00e0 tous.<\/p>\n<p><em> \u00ab \u2026nous avons histoire, nous sommes pr\u00e9sent, nous construisons l\u2019avenir \u00bb<\/em>[\/vc_column_text][\/vc_column][\/vc_row]<\/p>\n<\/div>","protected":false},"excerpt":{"rendered":"<p>\u00c0 la fin du mois d\u2019ao\u00fbt 2025, notre \u00e9quipe a proc\u00e9d\u00e9 \u00e0 la mise sous tension des centrales GRIJOTA I (51,9 MWp) et GRIJOTA II (52,9 MWp), situ\u00e9es \u00e0 Palencia.<\/p>\n","protected":false},"author":4,"featured_media":12754,"comment_status":"open","ping_status":"open","sticky":false,"template":"","format":"standard","meta":{"_acf_changed":false,"footnotes":""},"categories":[84],"tags":[],"class_list":["post-12737","post","type-post","status-publish","format-standard","has-post-thumbnail","hentry","category-nacional-fr"],"acf":[],"yoast_head":"<!-- This site is optimized with the Yoast SEO plugin v26.8 - https:\/\/yoast.com\/product\/yoast-seo-wordpress\/ -->\n<title>NOUS AVONS CONNECT\u00c9 HERRERA III AU R\u00c9SEAU EN PROVINCE DE PALENCIA - GRUPO ZARAGOZ\u00c1<\/title>\n<meta name=\"robots\" content=\"index, follow, max-snippet:-1, max-image-preview:large, max-video-preview:-1\" \/>\n<link rel=\"canonical\" href=\"https:\/\/www.grupozaragoza.com\/fr\/nacional-fr\/nous-avons-connecte-herrera3\/\" \/>\n<meta property=\"og:locale\" content=\"fr_FR\" \/>\n<meta property=\"og:type\" content=\"article\" \/>\n<meta property=\"og:title\" content=\"NOUS AVONS CONNECT\u00c9 HERRERA III AU R\u00c9SEAU EN PROVINCE DE PALENCIA - GRUPO ZARAGOZ\u00c1\" \/>\n<meta property=\"og:description\" content=\"\u00c0 la fin du mois d\u2019ao\u00fbt 2025, notre \u00e9quipe a proc\u00e9d\u00e9 \u00e0 la mise sous tension des centrales GRIJOTA I (51,9 MWp) et GRIJOTA II (52,9 MWp), situ\u00e9es \u00e0 Palencia.\" \/>\n<meta property=\"og:url\" content=\"https:\/\/www.grupozaragoza.com\/fr\/nacional-fr\/nous-avons-connecte-herrera3\/\" \/>\n<meta property=\"og:site_name\" content=\"GRUPO ZARAGOZ\u00c1\" \/>\n<meta property=\"article:published_time\" content=\"2026-03-17T15:55:12+00:00\" \/>\n<meta property=\"article:modified_time\" content=\"2026-03-17T16:12:42+00:00\" \/>\n<meta property=\"og:image\" content=\"https:\/\/www.grupozaragoza.com\/wp-content\/uploads\/2026\/03\/PEM-scaled.jpg\" \/>\n\t<meta property=\"og:image:width\" content=\"2560\" \/>\n\t<meta property=\"og:image:height\" content=\"1440\" \/>\n\t<meta property=\"og:image:type\" content=\"image\/jpeg\" \/>\n<meta name=\"author\" content=\"MARKETING\" \/>\n<meta name=\"twitter:card\" content=\"summary_large_image\" \/>\n<meta name=\"twitter:label1\" content=\"\u00c9crit par\" \/>\n\t<meta name=\"twitter:data1\" content=\"MARKETING\" \/>\n\t<meta name=\"twitter:label2\" content=\"Dur\u00e9e de lecture estim\u00e9e\" \/>\n\t<meta name=\"twitter:data2\" content=\"2 minutes\" \/>\n<script type=\"application\/ld+json\" class=\"yoast-schema-graph\">{\"@context\":\"https:\/\/schema.org\",\"@graph\":[{\"@type\":\"Article\",\"@id\":\"https:\/\/www.grupozaragoza.com\/fr\/nacional-fr\/nous-avons-connecte-herrera3\/#article\",\"isPartOf\":{\"@id\":\"https:\/\/www.grupozaragoza.com\/fr\/nacional-fr\/nous-avons-connecte-herrera3\/\"},\"author\":{\"name\":\"MARKETING\",\"@id\":\"https:\/\/www.grupozaragoza.com\/#\/schema\/person\/fbb75be1a91cd591811151e34788f9e9\"},\"headline\":\"NOUS AVONS CONNECT\u00c9 HERRERA III AU R\u00c9SEAU EN PROVINCE DE PALENCIA\",\"datePublished\":\"2026-03-17T15:55:12+00:00\",\"dateModified\":\"2026-03-17T16:12:42+00:00\",\"mainEntityOfPage\":{\"@id\":\"https:\/\/www.grupozaragoza.com\/fr\/nacional-fr\/nous-avons-connecte-herrera3\/\"},\"wordCount\":274,\"commentCount\":0,\"publisher\":{\"@id\":\"https:\/\/www.grupozaragoza.com\/#organization\"},\"image\":{\"@id\":\"https:\/\/www.grupozaragoza.com\/fr\/nacional-fr\/nous-avons-connecte-herrera3\/#primaryimage\"},\"thumbnailUrl\":\"https:\/\/www.grupozaragoza.com\/wp-content\/uploads\/2026\/03\/Herrera-scaled.jpg\",\"articleSection\":[\"National\"],\"inLanguage\":\"fr-FR\",\"potentialAction\":[{\"@type\":\"CommentAction\",\"name\":\"Comment\",\"target\":[\"https:\/\/www.grupozaragoza.com\/fr\/nacional-fr\/nous-avons-connecte-herrera3\/#respond\"]}]},{\"@type\":\"WebPage\",\"@id\":\"https:\/\/www.grupozaragoza.com\/fr\/nacional-fr\/nous-avons-connecte-herrera3\/\",\"url\":\"https:\/\/www.grupozaragoza.com\/fr\/nacional-fr\/nous-avons-connecte-herrera3\/\",\"name\":\"NOUS AVONS CONNECT\u00c9 HERRERA III AU R\u00c9SEAU EN PROVINCE DE PALENCIA - GRUPO ZARAGOZ\u00c1\",\"isPartOf\":{\"@id\":\"https:\/\/www.grupozaragoza.com\/#website\"},\"primaryImageOfPage\":{\"@id\":\"https:\/\/www.grupozaragoza.com\/fr\/nacional-fr\/nous-avons-connecte-herrera3\/#primaryimage\"},\"image\":{\"@id\":\"https:\/\/www.grupozaragoza.com\/fr\/nacional-fr\/nous-avons-connecte-herrera3\/#primaryimage\"},\"thumbnailUrl\":\"https:\/\/www.grupozaragoza.com\/wp-content\/uploads\/2026\/03\/Herrera-scaled.jpg\",\"datePublished\":\"2026-03-17T15:55:12+00:00\",\"dateModified\":\"2026-03-17T16:12:42+00:00\",\"breadcrumb\":{\"@id\":\"https:\/\/www.grupozaragoza.com\/fr\/nacional-fr\/nous-avons-connecte-herrera3\/#breadcrumb\"},\"inLanguage\":\"fr-FR\",\"potentialAction\":[{\"@type\":\"ReadAction\",\"target\":[\"https:\/\/www.grupozaragoza.com\/fr\/nacional-fr\/nous-avons-connecte-herrera3\/\"]}]},{\"@type\":\"ImageObject\",\"inLanguage\":\"fr-FR\",\"@id\":\"https:\/\/www.grupozaragoza.com\/fr\/nacional-fr\/nous-avons-connecte-herrera3\/#primaryimage\",\"url\":\"https:\/\/www.grupozaragoza.com\/wp-content\/uploads\/2026\/03\/Herrera-scaled.jpg\",\"contentUrl\":\"https:\/\/www.grupozaragoza.com\/wp-content\/uploads\/2026\/03\/Herrera-scaled.jpg\",\"width\":2560,\"height\":1191,\"caption\":\"default\"},{\"@type\":\"BreadcrumbList\",\"@id\":\"https:\/\/www.grupozaragoza.com\/fr\/nacional-fr\/nous-avons-connecte-herrera3\/#breadcrumb\",\"itemListElement\":[{\"@type\":\"ListItem\",\"position\":1,\"name\":\"Portada\",\"item\":\"https:\/\/www.grupozaragoza.com\/fr\/\"},{\"@type\":\"ListItem\",\"position\":2,\"name\":\"NOUS AVONS CONNECT\u00c9 HERRERA III AU R\u00c9SEAU EN PROVINCE DE PALENCIA\"}]},{\"@type\":\"WebSite\",\"@id\":\"https:\/\/www.grupozaragoza.com\/#website\",\"url\":\"https:\/\/www.grupozaragoza.com\/\",\"name\":\"GRUPO ZARAGOZ\u00c1\",\"description\":\"Ingenieria &amp; Arquitectura Creativa\",\"publisher\":{\"@id\":\"https:\/\/www.grupozaragoza.com\/#organization\"},\"potentialAction\":[{\"@type\":\"SearchAction\",\"target\":{\"@type\":\"EntryPoint\",\"urlTemplate\":\"https:\/\/www.grupozaragoza.com\/?s={search_term_string}\"},\"query-input\":{\"@type\":\"PropertyValueSpecification\",\"valueRequired\":true,\"valueName\":\"search_term_string\"}}],\"inLanguage\":\"fr-FR\"},{\"@type\":\"Organization\",\"@id\":\"https:\/\/www.grupozaragoza.com\/#organization\",\"name\":\"GRUPO ZARAGOZ\u00c1\",\"url\":\"https:\/\/www.grupozaragoza.com\/\",\"logo\":{\"@type\":\"ImageObject\",\"inLanguage\":\"fr-FR\",\"@id\":\"https:\/\/www.grupozaragoza.com\/#\/schema\/logo\/image\/\",\"url\":\"https:\/\/www.grupozaragoza.com\/wp-content\/uploads\/2017\/08\/logo_zaragoza.png\",\"contentUrl\":\"https:\/\/www.grupozaragoza.com\/wp-content\/uploads\/2017\/08\/logo_zaragoza.png\",\"width\":676,\"height\":180,\"caption\":\"GRUPO ZARAGOZ\u00c1\"},\"image\":{\"@id\":\"https:\/\/www.grupozaragoza.com\/#\/schema\/logo\/image\/\"},\"sameAs\":[\"https:\/\/www.linkedin.com\/company\/grupozaragoza\/\",\"https:\/\/www.instagram.com\/grupozaragoza_com\/\"]},{\"@type\":\"Person\",\"@id\":\"https:\/\/www.grupozaragoza.com\/#\/schema\/person\/fbb75be1a91cd591811151e34788f9e9\",\"name\":\"MARKETING\",\"image\":{\"@type\":\"ImageObject\",\"inLanguage\":\"fr-FR\",\"@id\":\"https:\/\/www.grupozaragoza.com\/#\/schema\/person\/image\/\",\"url\":\"https:\/\/secure.gravatar.com\/avatar\/33f112a6621197994ea1e32ea1b347ad45be37f5a9512f0de4b7600bbc051dc4?s=96&d=mm&r=g\",\"contentUrl\":\"https:\/\/secure.gravatar.com\/avatar\/33f112a6621197994ea1e32ea1b347ad45be37f5a9512f0de4b7600bbc051dc4?s=96&d=mm&r=g\",\"caption\":\"MARKETING\"},\"url\":\"https:\/\/www.grupozaragoza.com\/fr\/author\/marketing\/\"}]}<\/script>\n<!-- \/ Yoast SEO plugin. -->","yoast_head_json":{"title":"NOUS AVONS CONNECT\u00c9 HERRERA III AU R\u00c9SEAU EN PROVINCE DE PALENCIA - GRUPO ZARAGOZ\u00c1","robots":{"index":"index","follow":"follow","max-snippet":"max-snippet:-1","max-image-preview":"max-image-preview:large","max-video-preview":"max-video-preview:-1"},"canonical":"https:\/\/www.grupozaragoza.com\/fr\/nacional-fr\/nous-avons-connecte-herrera3\/","og_locale":"fr_FR","og_type":"article","og_title":"NOUS AVONS CONNECT\u00c9 HERRERA III AU R\u00c9SEAU EN PROVINCE DE PALENCIA - GRUPO ZARAGOZ\u00c1","og_description":"\u00c0 la fin du mois d\u2019ao\u00fbt 2025, notre \u00e9quipe a proc\u00e9d\u00e9 \u00e0 la mise sous tension des centrales GRIJOTA I (51,9 MWp) et GRIJOTA II (52,9 MWp), situ\u00e9es \u00e0 Palencia.","og_url":"https:\/\/www.grupozaragoza.com\/fr\/nacional-fr\/nous-avons-connecte-herrera3\/","og_site_name":"GRUPO ZARAGOZ\u00c1","article_published_time":"2026-03-17T15:55:12+00:00","article_modified_time":"2026-03-17T16:12:42+00:00","og_image":[{"width":2560,"height":1440,"url":"https:\/\/www.grupozaragoza.com\/wp-content\/uploads\/2026\/03\/PEM-scaled.jpg","type":"image\/jpeg"}],"author":"MARKETING","twitter_card":"summary_large_image","twitter_misc":{"\u00c9crit par":"MARKETING","Dur\u00e9e de lecture estim\u00e9e":"2 minutes"},"schema":{"@context":"https:\/\/schema.org","@graph":[{"@type":"Article","@id":"https:\/\/www.grupozaragoza.com\/fr\/nacional-fr\/nous-avons-connecte-herrera3\/#article","isPartOf":{"@id":"https:\/\/www.grupozaragoza.com\/fr\/nacional-fr\/nous-avons-connecte-herrera3\/"},"author":{"name":"MARKETING","@id":"https:\/\/www.grupozaragoza.com\/#\/schema\/person\/fbb75be1a91cd591811151e34788f9e9"},"headline":"NOUS AVONS CONNECT\u00c9 HERRERA III AU R\u00c9SEAU EN PROVINCE DE PALENCIA","datePublished":"2026-03-17T15:55:12+00:00","dateModified":"2026-03-17T16:12:42+00:00","mainEntityOfPage":{"@id":"https:\/\/www.grupozaragoza.com\/fr\/nacional-fr\/nous-avons-connecte-herrera3\/"},"wordCount":274,"commentCount":0,"publisher":{"@id":"https:\/\/www.grupozaragoza.com\/#organization"},"image":{"@id":"https:\/\/www.grupozaragoza.com\/fr\/nacional-fr\/nous-avons-connecte-herrera3\/#primaryimage"},"thumbnailUrl":"https:\/\/www.grupozaragoza.com\/wp-content\/uploads\/2026\/03\/Herrera-scaled.jpg","articleSection":["National"],"inLanguage":"fr-FR","potentialAction":[{"@type":"CommentAction","name":"Comment","target":["https:\/\/www.grupozaragoza.com\/fr\/nacional-fr\/nous-avons-connecte-herrera3\/#respond"]}]},{"@type":"WebPage","@id":"https:\/\/www.grupozaragoza.com\/fr\/nacional-fr\/nous-avons-connecte-herrera3\/","url":"https:\/\/www.grupozaragoza.com\/fr\/nacional-fr\/nous-avons-connecte-herrera3\/","name":"NOUS AVONS CONNECT\u00c9 HERRERA III AU R\u00c9SEAU EN PROVINCE DE PALENCIA - GRUPO ZARAGOZ\u00c1","isPartOf":{"@id":"https:\/\/www.grupozaragoza.com\/#website"},"primaryImageOfPage":{"@id":"https:\/\/www.grupozaragoza.com\/fr\/nacional-fr\/nous-avons-connecte-herrera3\/#primaryimage"},"image":{"@id":"https:\/\/www.grupozaragoza.com\/fr\/nacional-fr\/nous-avons-connecte-herrera3\/#primaryimage"},"thumbnailUrl":"https:\/\/www.grupozaragoza.com\/wp-content\/uploads\/2026\/03\/Herrera-scaled.jpg","datePublished":"2026-03-17T15:55:12+00:00","dateModified":"2026-03-17T16:12:42+00:00","breadcrumb":{"@id":"https:\/\/www.grupozaragoza.com\/fr\/nacional-fr\/nous-avons-connecte-herrera3\/#breadcrumb"},"inLanguage":"fr-FR","potentialAction":[{"@type":"ReadAction","target":["https:\/\/www.grupozaragoza.com\/fr\/nacional-fr\/nous-avons-connecte-herrera3\/"]}]},{"@type":"ImageObject","inLanguage":"fr-FR","@id":"https:\/\/www.grupozaragoza.com\/fr\/nacional-fr\/nous-avons-connecte-herrera3\/#primaryimage","url":"https:\/\/www.grupozaragoza.com\/wp-content\/uploads\/2026\/03\/Herrera-scaled.jpg","contentUrl":"https:\/\/www.grupozaragoza.com\/wp-content\/uploads\/2026\/03\/Herrera-scaled.jpg","width":2560,"height":1191,"caption":"default"},{"@type":"BreadcrumbList","@id":"https:\/\/www.grupozaragoza.com\/fr\/nacional-fr\/nous-avons-connecte-herrera3\/#breadcrumb","itemListElement":[{"@type":"ListItem","position":1,"name":"Portada","item":"https:\/\/www.grupozaragoza.com\/fr\/"},{"@type":"ListItem","position":2,"name":"NOUS AVONS CONNECT\u00c9 HERRERA III AU R\u00c9SEAU EN PROVINCE DE PALENCIA"}]},{"@type":"WebSite","@id":"https:\/\/www.grupozaragoza.com\/#website","url":"https:\/\/www.grupozaragoza.com\/","name":"GRUPO ZARAGOZ\u00c1","description":"Ingenieria &amp; Arquitectura Creativa","publisher":{"@id":"https:\/\/www.grupozaragoza.com\/#organization"},"potentialAction":[{"@type":"SearchAction","target":{"@type":"EntryPoint","urlTemplate":"https:\/\/www.grupozaragoza.com\/?s={search_term_string}"},"query-input":{"@type":"PropertyValueSpecification","valueRequired":true,"valueName":"search_term_string"}}],"inLanguage":"fr-FR"},{"@type":"Organization","@id":"https:\/\/www.grupozaragoza.com\/#organization","name":"GRUPO ZARAGOZ\u00c1","url":"https:\/\/www.grupozaragoza.com\/","logo":{"@type":"ImageObject","inLanguage":"fr-FR","@id":"https:\/\/www.grupozaragoza.com\/#\/schema\/logo\/image\/","url":"https:\/\/www.grupozaragoza.com\/wp-content\/uploads\/2017\/08\/logo_zaragoza.png","contentUrl":"https:\/\/www.grupozaragoza.com\/wp-content\/uploads\/2017\/08\/logo_zaragoza.png","width":676,"height":180,"caption":"GRUPO ZARAGOZ\u00c1"},"image":{"@id":"https:\/\/www.grupozaragoza.com\/#\/schema\/logo\/image\/"},"sameAs":["https:\/\/www.linkedin.com\/company\/grupozaragoza\/","https:\/\/www.instagram.com\/grupozaragoza_com\/"]},{"@type":"Person","@id":"https:\/\/www.grupozaragoza.com\/#\/schema\/person\/fbb75be1a91cd591811151e34788f9e9","name":"MARKETING","image":{"@type":"ImageObject","inLanguage":"fr-FR","@id":"https:\/\/www.grupozaragoza.com\/#\/schema\/person\/image\/","url":"https:\/\/secure.gravatar.com\/avatar\/33f112a6621197994ea1e32ea1b347ad45be37f5a9512f0de4b7600bbc051dc4?s=96&d=mm&r=g","contentUrl":"https:\/\/secure.gravatar.com\/avatar\/33f112a6621197994ea1e32ea1b347ad45be37f5a9512f0de4b7600bbc051dc4?s=96&d=mm&r=g","caption":"MARKETING"},"url":"https:\/\/www.grupozaragoza.com\/fr\/author\/marketing\/"}]}},"_links":{"self":[{"href":"https:\/\/www.grupozaragoza.com\/fr\/wp-json\/wp\/v2\/posts\/12737","targetHints":{"allow":["GET"]}}],"collection":[{"href":"https:\/\/www.grupozaragoza.com\/fr\/wp-json\/wp\/v2\/posts"}],"about":[{"href":"https:\/\/www.grupozaragoza.com\/fr\/wp-json\/wp\/v2\/types\/post"}],"author":[{"embeddable":true,"href":"https:\/\/www.grupozaragoza.com\/fr\/wp-json\/wp\/v2\/users\/4"}],"replies":[{"embeddable":true,"href":"https:\/\/www.grupozaragoza.com\/fr\/wp-json\/wp\/v2\/comments?post=12737"}],"version-history":[{"count":2,"href":"https:\/\/www.grupozaragoza.com\/fr\/wp-json\/wp\/v2\/posts\/12737\/revisions"}],"predecessor-version":[{"id":12750,"href":"https:\/\/www.grupozaragoza.com\/fr\/wp-json\/wp\/v2\/posts\/12737\/revisions\/12750"}],"wp:featuredmedia":[{"embeddable":true,"href":"https:\/\/www.grupozaragoza.com\/fr\/wp-json\/wp\/v2\/media\/12754"}],"wp:attachment":[{"href":"https:\/\/www.grupozaragoza.com\/fr\/wp-json\/wp\/v2\/media?parent=12737"}],"wp:term":[{"taxonomy":"category","embeddable":true,"href":"https:\/\/www.grupozaragoza.com\/fr\/wp-json\/wp\/v2\/categories?post=12737"},{"taxonomy":"post_tag","embeddable":true,"href":"https:\/\/www.grupozaragoza.com\/fr\/wp-json\/wp\/v2\/tags?post=12737"}],"curies":[{"name":"wp","href":"https:\/\/api.w.org\/{rel}","templated":true}]}}