{"id":12654,"date":"2025-10-08T15:05:39","date_gmt":"2025-10-08T14:05:39","guid":{"rendered":"https:\/\/www.grupozaragoza.com\/nacional\/nous-lancons-les-travaux-de-la-centrale-ayora-i-477-mw-a-valence\/"},"modified":"2025-10-08T15:23:22","modified_gmt":"2025-10-08T14:23:22","slug":"nous-avons-connecte-grijota1-et-grijota2","status":"publish","type":"post","link":"https:\/\/www.grupozaragoza.com\/fr\/nacional-fr\/nous-avons-connecte-grijota1-et-grijota2\/","title":{"rendered":"NOUS AVONS CONNECT\u00c9 LES CENTRALES PHOTOVOLTA\u00cfQUES GRIJOTA I (51,9 MWp) ET GRIJOTA II (52,9 MWp)"},"content":{"rendered":"<div class=\"wpb-content-wrapper\"><p>[vc_row css_animation=\u00a0\u00bb\u00a0\u00bb row_type=\u00a0\u00bbrow\u00a0\u00bb use_row_as_full_screen_section=\u00a0\u00bbno\u00a0\u00bb type=\u00a0\u00bbfull_width\u00a0\u00bb angled_section=\u00a0\u00bbno\u00a0\u00bb text_align=\u00a0\u00bbleft\u00a0\u00bb background_image_as_pattern=\u00a0\u00bbwithout_pattern\u00a0\u00bb][vc_column][vc_column_text]<\/p>\n<p data-start=\"0\" data-end=\"275\">\u00c0 la fin du mois d\u2019ao\u00fbt 2025, notre \u00e9quipe a r\u00e9alis\u00e9 la mise sous tension des centrales <strong data-start=\"88\" data-end=\"101\">GRIJOTA I<\/strong> et <strong data-start=\"105\" data-end=\"119\">GRIJOTA II<\/strong>, situ\u00e9es \u00e0 Palencia.<\/p>\n<p data-start=\"0\" data-end=\"275\">Dans ces projets, GRUPO ZARAGOZ\u00c1 a dirig\u00e9 l\u2019ensemble du processus : d\u00e9veloppement, ing\u00e9nierie, conception et construction.<\/p>\n<p data-start=\"277\" data-end=\"509\">Les travaux ont d\u00e9but\u00e9 \u00e0 la fin de 2023 et ont atteint le mechanical completion en d\u00e9cembre 2024.<br data-start=\"378\" data-end=\"381\" \/>Les deux centrales int\u00e8grent des modules \u00e0 technologie HJT, install\u00e9s sur des structures \u00e0 suiveur mono-axe bifilaire.<\/p>\n<p data-start=\"511\" data-end=\"982\"><strong data-start=\"514\" data-end=\"527\">GRIJOTA I<\/strong>, avec 75 600 modules et une puissance de 51,9 MWp, g\u00e9n\u00e9rera 101 575 934 kWh par an \u2014 une \u00e9nergie suffisante pour alimenter 31 000 foyers, tout en \u00e9vitant l\u2019\u00e9mission de 80 968 tonnes de CO\u2082 chaque ann\u00e9e.<br data-start=\"750\" data-end=\"753\" \/><strong data-start=\"756\" data-end=\"770\">GRIJOTA II<\/strong>, avec 77 000 modules et une puissance de 52,9 MWp, produira 105 728 079 kWh annuels, couvrant les besoins de plus de 32 000 foyers et r\u00e9duisant les \u00e9missions de 84 278 tonnes de CO\u2082 par an.<\/p>\n<p data-start=\"984\" data-end=\"1289\">Ce succ\u00e8s a \u00e9t\u00e9 rendu possible gr\u00e2ce \u00e0 l\u2019engagement et la collaboration de toutes les personnes impliqu\u00e9es dans le projet.<br data-start=\"1110\" data-end=\"1113\" \/>\u00c0 chacune et chacun : merci d\u2019avoir rendu cela possible !<br data-start=\"1174\" data-end=\"1177\" \/>Et une reconnaissance sp\u00e9ciale \u00e0 l\u2019\u00e9quipe pr\u00e9sente sur le terrain durant les jours de connexion au r\u00e9seau.<\/p>\n<p data-start=\"1291\" data-end=\"1503\">Nous entamons maintenant une nouvelle \u00e9tape : l\u2019exploitation et la maintenance, assur\u00e9es par l\u2019\u00e9quipe que nous avons consolid\u00e9e pour garantir la performance et la durabilit\u00e9 maximales des centrales.<\/p>\n<p><em> \u00ab \u2026nous avons histoire, nous sommes pr\u00e9sent, nous construisons l\u2019avenir \u00bb<\/em>[\/vc_column_text][\/vc_column][\/vc_row]<\/p>\n<\/div>","protected":false},"excerpt":{"rendered":"<p>\u00c0 la fin du mois d\u2019ao\u00fbt 2025, notre \u00e9quipe a proc\u00e9d\u00e9 \u00e0 la mise sous tension des centrales GRIJOTA I (51,9 MWp) et GRIJOTA II (52,9 MWp), situ\u00e9es \u00e0 Palencia.<\/p>\n","protected":false},"author":4,"featured_media":12666,"comment_status":"open","ping_status":"open","sticky":false,"template":"","format":"standard","meta":{"_acf_changed":false,"footnotes":""},"categories":[84],"tags":[],"class_list":["post-12654","post","type-post","status-publish","format-standard","has-post-thumbnail","hentry","category-nacional-fr"],"acf":[],"yoast_head":"<!-- This site is optimized with the Yoast SEO plugin v26.8 - https:\/\/yoast.com\/product\/yoast-seo-wordpress\/ -->\n<title>NOUS AVONS CONNECT\u00c9 LES CENTRALES PHOTOVOLTA\u00cfQUES GRIJOTA I (51,9 MWp) ET GRIJOTA II (52,9 MWp) - GRUPO ZARAGOZ\u00c1<\/title>\n<meta name=\"robots\" content=\"index, follow, max-snippet:-1, max-image-preview:large, max-video-preview:-1\" \/>\n<link rel=\"canonical\" href=\"https:\/\/www.grupozaragoza.com\/fr\/nacional-fr\/nous-avons-connecte-grijota1-et-grijota2\/\" \/>\n<meta property=\"og:locale\" content=\"fr_FR\" \/>\n<meta property=\"og:type\" content=\"article\" \/>\n<meta property=\"og:title\" content=\"NOUS AVONS CONNECT\u00c9 LES CENTRALES PHOTOVOLTA\u00cfQUES GRIJOTA I (51,9 MWp) ET GRIJOTA II (52,9 MWp) - GRUPO ZARAGOZ\u00c1\" \/>\n<meta property=\"og:description\" content=\"\u00c0 la fin du mois d\u2019ao\u00fbt 2025, notre \u00e9quipe a proc\u00e9d\u00e9 \u00e0 la mise sous tension des centrales GRIJOTA I (51,9 MWp) et GRIJOTA II (52,9 MWp), situ\u00e9es \u00e0 Palencia.\" \/>\n<meta property=\"og:url\" content=\"https:\/\/www.grupozaragoza.com\/fr\/nacional-fr\/nous-avons-connecte-grijota1-et-grijota2\/\" \/>\n<meta property=\"og:site_name\" content=\"GRUPO ZARAGOZ\u00c1\" \/>\n<meta property=\"article:published_time\" content=\"2025-10-08T14:05:39+00:00\" \/>\n<meta property=\"article:modified_time\" content=\"2025-10-08T14:23:22+00:00\" \/>\n<meta property=\"og:image\" content=\"https:\/\/www.grupozaragoza.com\/wp-content\/uploads\/2025\/10\/Image-9-scaled.jpg\" \/>\n\t<meta property=\"og:image:width\" content=\"2560\" \/>\n\t<meta property=\"og:image:height\" content=\"1920\" \/>\n\t<meta property=\"og:image:type\" content=\"image\/jpeg\" \/>\n<meta name=\"author\" content=\"MARKETING\" \/>\n<meta name=\"twitter:card\" content=\"summary_large_image\" \/>\n<meta name=\"twitter:label1\" content=\"\u00c9crit par\" \/>\n\t<meta name=\"twitter:data1\" content=\"MARKETING\" \/>\n\t<meta name=\"twitter:label2\" content=\"Dur\u00e9e de lecture estim\u00e9e\" \/>\n\t<meta name=\"twitter:data2\" content=\"2 minutes\" \/>\n<script type=\"application\/ld+json\" class=\"yoast-schema-graph\">{\"@context\":\"https:\/\/schema.org\",\"@graph\":[{\"@type\":\"Article\",\"@id\":\"https:\/\/www.grupozaragoza.com\/fr\/nacional-fr\/nous-avons-connecte-grijota1-et-grijota2\/#article\",\"isPartOf\":{\"@id\":\"https:\/\/www.grupozaragoza.com\/fr\/nacional-fr\/nous-avons-connecte-grijota1-et-grijota2\/\"},\"author\":{\"name\":\"MARKETING\",\"@id\":\"https:\/\/www.grupozaragoza.com\/#\/schema\/person\/fbb75be1a91cd591811151e34788f9e9\"},\"headline\":\"NOUS AVONS CONNECT\u00c9 LES CENTRALES PHOTOVOLTA\u00cfQUES GRIJOTA I (51,9 MWp) ET GRIJOTA II (52,9 MWp)\",\"datePublished\":\"2025-10-08T14:05:39+00:00\",\"dateModified\":\"2025-10-08T14:23:22+00:00\",\"mainEntityOfPage\":{\"@id\":\"https:\/\/www.grupozaragoza.com\/fr\/nacional-fr\/nous-avons-connecte-grijota1-et-grijota2\/\"},\"wordCount\":290,\"commentCount\":0,\"publisher\":{\"@id\":\"https:\/\/www.grupozaragoza.com\/#organization\"},\"image\":{\"@id\":\"https:\/\/www.grupozaragoza.com\/fr\/nacional-fr\/nous-avons-connecte-grijota1-et-grijota2\/#primaryimage\"},\"thumbnailUrl\":\"https:\/\/www.grupozaragoza.com\/wp-content\/uploads\/2025\/10\/Image-9-scaled.jpg\",\"articleSection\":[\"National\"],\"inLanguage\":\"fr-FR\",\"potentialAction\":[{\"@type\":\"CommentAction\",\"name\":\"Comment\",\"target\":[\"https:\/\/www.grupozaragoza.com\/fr\/nacional-fr\/nous-avons-connecte-grijota1-et-grijota2\/#respond\"]}]},{\"@type\":\"WebPage\",\"@id\":\"https:\/\/www.grupozaragoza.com\/fr\/nacional-fr\/nous-avons-connecte-grijota1-et-grijota2\/\",\"url\":\"https:\/\/www.grupozaragoza.com\/fr\/nacional-fr\/nous-avons-connecte-grijota1-et-grijota2\/\",\"name\":\"NOUS AVONS CONNECT\u00c9 LES CENTRALES PHOTOVOLTA\u00cfQUES GRIJOTA I (51,9 MWp) ET GRIJOTA II (52,9 MWp) - GRUPO ZARAGOZ\u00c1\",\"isPartOf\":{\"@id\":\"https:\/\/www.grupozaragoza.com\/#website\"},\"primaryImageOfPage\":{\"@id\":\"https:\/\/www.grupozaragoza.com\/fr\/nacional-fr\/nous-avons-connecte-grijota1-et-grijota2\/#primaryimage\"},\"image\":{\"@id\":\"https:\/\/www.grupozaragoza.com\/fr\/nacional-fr\/nous-avons-connecte-grijota1-et-grijota2\/#primaryimage\"},\"thumbnailUrl\":\"https:\/\/www.grupozaragoza.com\/wp-content\/uploads\/2025\/10\/Image-9-scaled.jpg\",\"datePublished\":\"2025-10-08T14:05:39+00:00\",\"dateModified\":\"2025-10-08T14:23:22+00:00\",\"breadcrumb\":{\"@id\":\"https:\/\/www.grupozaragoza.com\/fr\/nacional-fr\/nous-avons-connecte-grijota1-et-grijota2\/#breadcrumb\"},\"inLanguage\":\"fr-FR\",\"potentialAction\":[{\"@type\":\"ReadAction\",\"target\":[\"https:\/\/www.grupozaragoza.com\/fr\/nacional-fr\/nous-avons-connecte-grijota1-et-grijota2\/\"]}]},{\"@type\":\"ImageObject\",\"inLanguage\":\"fr-FR\",\"@id\":\"https:\/\/www.grupozaragoza.com\/fr\/nacional-fr\/nous-avons-connecte-grijota1-et-grijota2\/#primaryimage\",\"url\":\"https:\/\/www.grupozaragoza.com\/wp-content\/uploads\/2025\/10\/Image-9-scaled.jpg\",\"contentUrl\":\"https:\/\/www.grupozaragoza.com\/wp-content\/uploads\/2025\/10\/Image-9-scaled.jpg\",\"width\":2560,\"height\":1920},{\"@type\":\"BreadcrumbList\",\"@id\":\"https:\/\/www.grupozaragoza.com\/fr\/nacional-fr\/nous-avons-connecte-grijota1-et-grijota2\/#breadcrumb\",\"itemListElement\":[{\"@type\":\"ListItem\",\"position\":1,\"name\":\"Portada\",\"item\":\"https:\/\/www.grupozaragoza.com\/fr\/\"},{\"@type\":\"ListItem\",\"position\":2,\"name\":\"NOUS AVONS CONNECT\u00c9 LES CENTRALES PHOTOVOLTA\u00cfQUES GRIJOTA I (51,9 MWp) ET GRIJOTA II (52,9 MWp)\"}]},{\"@type\":\"WebSite\",\"@id\":\"https:\/\/www.grupozaragoza.com\/#website\",\"url\":\"https:\/\/www.grupozaragoza.com\/\",\"name\":\"GRUPO ZARAGOZ\u00c1\",\"description\":\"Ingenieria &amp; Arquitectura Creativa\",\"publisher\":{\"@id\":\"https:\/\/www.grupozaragoza.com\/#organization\"},\"potentialAction\":[{\"@type\":\"SearchAction\",\"target\":{\"@type\":\"EntryPoint\",\"urlTemplate\":\"https:\/\/www.grupozaragoza.com\/?s={search_term_string}\"},\"query-input\":{\"@type\":\"PropertyValueSpecification\",\"valueRequired\":true,\"valueName\":\"search_term_string\"}}],\"inLanguage\":\"fr-FR\"},{\"@type\":\"Organization\",\"@id\":\"https:\/\/www.grupozaragoza.com\/#organization\",\"name\":\"GRUPO ZARAGOZ\u00c1\",\"url\":\"https:\/\/www.grupozaragoza.com\/\",\"logo\":{\"@type\":\"ImageObject\",\"inLanguage\":\"fr-FR\",\"@id\":\"https:\/\/www.grupozaragoza.com\/#\/schema\/logo\/image\/\",\"url\":\"https:\/\/www.grupozaragoza.com\/wp-content\/uploads\/2017\/08\/logo_zaragoza.png\",\"contentUrl\":\"https:\/\/www.grupozaragoza.com\/wp-content\/uploads\/2017\/08\/logo_zaragoza.png\",\"width\":676,\"height\":180,\"caption\":\"GRUPO ZARAGOZ\u00c1\"},\"image\":{\"@id\":\"https:\/\/www.grupozaragoza.com\/#\/schema\/logo\/image\/\"},\"sameAs\":[\"https:\/\/www.linkedin.com\/company\/grupozaragoza\/\",\"https:\/\/www.instagram.com\/grupozaragoza_com\/\"]},{\"@type\":\"Person\",\"@id\":\"https:\/\/www.grupozaragoza.com\/#\/schema\/person\/fbb75be1a91cd591811151e34788f9e9\",\"name\":\"MARKETING\",\"image\":{\"@type\":\"ImageObject\",\"inLanguage\":\"fr-FR\",\"@id\":\"https:\/\/www.grupozaragoza.com\/#\/schema\/person\/image\/\",\"url\":\"https:\/\/secure.gravatar.com\/avatar\/33f112a6621197994ea1e32ea1b347ad45be37f5a9512f0de4b7600bbc051dc4?s=96&d=mm&r=g\",\"contentUrl\":\"https:\/\/secure.gravatar.com\/avatar\/33f112a6621197994ea1e32ea1b347ad45be37f5a9512f0de4b7600bbc051dc4?s=96&d=mm&r=g\",\"caption\":\"MARKETING\"},\"url\":\"https:\/\/www.grupozaragoza.com\/fr\/author\/marketing\/\"}]}<\/script>\n<!-- \/ Yoast SEO plugin. -->","yoast_head_json":{"title":"NOUS AVONS CONNECT\u00c9 LES CENTRALES PHOTOVOLTA\u00cfQUES GRIJOTA I (51,9 MWp) ET GRIJOTA II (52,9 MWp) - GRUPO ZARAGOZ\u00c1","robots":{"index":"index","follow":"follow","max-snippet":"max-snippet:-1","max-image-preview":"max-image-preview:large","max-video-preview":"max-video-preview:-1"},"canonical":"https:\/\/www.grupozaragoza.com\/fr\/nacional-fr\/nous-avons-connecte-grijota1-et-grijota2\/","og_locale":"fr_FR","og_type":"article","og_title":"NOUS AVONS CONNECT\u00c9 LES CENTRALES PHOTOVOLTA\u00cfQUES GRIJOTA I (51,9 MWp) ET GRIJOTA II (52,9 MWp) - GRUPO ZARAGOZ\u00c1","og_description":"\u00c0 la fin du mois d\u2019ao\u00fbt 2025, notre \u00e9quipe a proc\u00e9d\u00e9 \u00e0 la mise sous tension des centrales GRIJOTA I (51,9 MWp) et GRIJOTA II (52,9 MWp), situ\u00e9es \u00e0 Palencia.","og_url":"https:\/\/www.grupozaragoza.com\/fr\/nacional-fr\/nous-avons-connecte-grijota1-et-grijota2\/","og_site_name":"GRUPO ZARAGOZ\u00c1","article_published_time":"2025-10-08T14:05:39+00:00","article_modified_time":"2025-10-08T14:23:22+00:00","og_image":[{"width":2560,"height":1920,"url":"https:\/\/www.grupozaragoza.com\/wp-content\/uploads\/2025\/10\/Image-9-scaled.jpg","type":"image\/jpeg"}],"author":"MARKETING","twitter_card":"summary_large_image","twitter_misc":{"\u00c9crit par":"MARKETING","Dur\u00e9e de lecture estim\u00e9e":"2 minutes"},"schema":{"@context":"https:\/\/schema.org","@graph":[{"@type":"Article","@id":"https:\/\/www.grupozaragoza.com\/fr\/nacional-fr\/nous-avons-connecte-grijota1-et-grijota2\/#article","isPartOf":{"@id":"https:\/\/www.grupozaragoza.com\/fr\/nacional-fr\/nous-avons-connecte-grijota1-et-grijota2\/"},"author":{"name":"MARKETING","@id":"https:\/\/www.grupozaragoza.com\/#\/schema\/person\/fbb75be1a91cd591811151e34788f9e9"},"headline":"NOUS AVONS CONNECT\u00c9 LES CENTRALES PHOTOVOLTA\u00cfQUES GRIJOTA I (51,9 MWp) ET GRIJOTA II (52,9 MWp)","datePublished":"2025-10-08T14:05:39+00:00","dateModified":"2025-10-08T14:23:22+00:00","mainEntityOfPage":{"@id":"https:\/\/www.grupozaragoza.com\/fr\/nacional-fr\/nous-avons-connecte-grijota1-et-grijota2\/"},"wordCount":290,"commentCount":0,"publisher":{"@id":"https:\/\/www.grupozaragoza.com\/#organization"},"image":{"@id":"https:\/\/www.grupozaragoza.com\/fr\/nacional-fr\/nous-avons-connecte-grijota1-et-grijota2\/#primaryimage"},"thumbnailUrl":"https:\/\/www.grupozaragoza.com\/wp-content\/uploads\/2025\/10\/Image-9-scaled.jpg","articleSection":["National"],"inLanguage":"fr-FR","potentialAction":[{"@type":"CommentAction","name":"Comment","target":["https:\/\/www.grupozaragoza.com\/fr\/nacional-fr\/nous-avons-connecte-grijota1-et-grijota2\/#respond"]}]},{"@type":"WebPage","@id":"https:\/\/www.grupozaragoza.com\/fr\/nacional-fr\/nous-avons-connecte-grijota1-et-grijota2\/","url":"https:\/\/www.grupozaragoza.com\/fr\/nacional-fr\/nous-avons-connecte-grijota1-et-grijota2\/","name":"NOUS AVONS CONNECT\u00c9 LES CENTRALES PHOTOVOLTA\u00cfQUES GRIJOTA I (51,9 MWp) ET GRIJOTA II (52,9 MWp) - GRUPO ZARAGOZ\u00c1","isPartOf":{"@id":"https:\/\/www.grupozaragoza.com\/#website"},"primaryImageOfPage":{"@id":"https:\/\/www.grupozaragoza.com\/fr\/nacional-fr\/nous-avons-connecte-grijota1-et-grijota2\/#primaryimage"},"image":{"@id":"https:\/\/www.grupozaragoza.com\/fr\/nacional-fr\/nous-avons-connecte-grijota1-et-grijota2\/#primaryimage"},"thumbnailUrl":"https:\/\/www.grupozaragoza.com\/wp-content\/uploads\/2025\/10\/Image-9-scaled.jpg","datePublished":"2025-10-08T14:05:39+00:00","dateModified":"2025-10-08T14:23:22+00:00","breadcrumb":{"@id":"https:\/\/www.grupozaragoza.com\/fr\/nacional-fr\/nous-avons-connecte-grijota1-et-grijota2\/#breadcrumb"},"inLanguage":"fr-FR","potentialAction":[{"@type":"ReadAction","target":["https:\/\/www.grupozaragoza.com\/fr\/nacional-fr\/nous-avons-connecte-grijota1-et-grijota2\/"]}]},{"@type":"ImageObject","inLanguage":"fr-FR","@id":"https:\/\/www.grupozaragoza.com\/fr\/nacional-fr\/nous-avons-connecte-grijota1-et-grijota2\/#primaryimage","url":"https:\/\/www.grupozaragoza.com\/wp-content\/uploads\/2025\/10\/Image-9-scaled.jpg","contentUrl":"https:\/\/www.grupozaragoza.com\/wp-content\/uploads\/2025\/10\/Image-9-scaled.jpg","width":2560,"height":1920},{"@type":"BreadcrumbList","@id":"https:\/\/www.grupozaragoza.com\/fr\/nacional-fr\/nous-avons-connecte-grijota1-et-grijota2\/#breadcrumb","itemListElement":[{"@type":"ListItem","position":1,"name":"Portada","item":"https:\/\/www.grupozaragoza.com\/fr\/"},{"@type":"ListItem","position":2,"name":"NOUS AVONS CONNECT\u00c9 LES CENTRALES PHOTOVOLTA\u00cfQUES GRIJOTA I (51,9 MWp) ET GRIJOTA II (52,9 MWp)"}]},{"@type":"WebSite","@id":"https:\/\/www.grupozaragoza.com\/#website","url":"https:\/\/www.grupozaragoza.com\/","name":"GRUPO ZARAGOZ\u00c1","description":"Ingenieria &amp; Arquitectura Creativa","publisher":{"@id":"https:\/\/www.grupozaragoza.com\/#organization"},"potentialAction":[{"@type":"SearchAction","target":{"@type":"EntryPoint","urlTemplate":"https:\/\/www.grupozaragoza.com\/?s={search_term_string}"},"query-input":{"@type":"PropertyValueSpecification","valueRequired":true,"valueName":"search_term_string"}}],"inLanguage":"fr-FR"},{"@type":"Organization","@id":"https:\/\/www.grupozaragoza.com\/#organization","name":"GRUPO ZARAGOZ\u00c1","url":"https:\/\/www.grupozaragoza.com\/","logo":{"@type":"ImageObject","inLanguage":"fr-FR","@id":"https:\/\/www.grupozaragoza.com\/#\/schema\/logo\/image\/","url":"https:\/\/www.grupozaragoza.com\/wp-content\/uploads\/2017\/08\/logo_zaragoza.png","contentUrl":"https:\/\/www.grupozaragoza.com\/wp-content\/uploads\/2017\/08\/logo_zaragoza.png","width":676,"height":180,"caption":"GRUPO ZARAGOZ\u00c1"},"image":{"@id":"https:\/\/www.grupozaragoza.com\/#\/schema\/logo\/image\/"},"sameAs":["https:\/\/www.linkedin.com\/company\/grupozaragoza\/","https:\/\/www.instagram.com\/grupozaragoza_com\/"]},{"@type":"Person","@id":"https:\/\/www.grupozaragoza.com\/#\/schema\/person\/fbb75be1a91cd591811151e34788f9e9","name":"MARKETING","image":{"@type":"ImageObject","inLanguage":"fr-FR","@id":"https:\/\/www.grupozaragoza.com\/#\/schema\/person\/image\/","url":"https:\/\/secure.gravatar.com\/avatar\/33f112a6621197994ea1e32ea1b347ad45be37f5a9512f0de4b7600bbc051dc4?s=96&d=mm&r=g","contentUrl":"https:\/\/secure.gravatar.com\/avatar\/33f112a6621197994ea1e32ea1b347ad45be37f5a9512f0de4b7600bbc051dc4?s=96&d=mm&r=g","caption":"MARKETING"},"url":"https:\/\/www.grupozaragoza.com\/fr\/author\/marketing\/"}]}},"_links":{"self":[{"href":"https:\/\/www.grupozaragoza.com\/fr\/wp-json\/wp\/v2\/posts\/12654","targetHints":{"allow":["GET"]}}],"collection":[{"href":"https:\/\/www.grupozaragoza.com\/fr\/wp-json\/wp\/v2\/posts"}],"about":[{"href":"https:\/\/www.grupozaragoza.com\/fr\/wp-json\/wp\/v2\/types\/post"}],"author":[{"embeddable":true,"href":"https:\/\/www.grupozaragoza.com\/fr\/wp-json\/wp\/v2\/users\/4"}],"replies":[{"embeddable":true,"href":"https:\/\/www.grupozaragoza.com\/fr\/wp-json\/wp\/v2\/comments?post=12654"}],"version-history":[{"count":2,"href":"https:\/\/www.grupozaragoza.com\/fr\/wp-json\/wp\/v2\/posts\/12654\/revisions"}],"predecessor-version":[{"id":12661,"href":"https:\/\/www.grupozaragoza.com\/fr\/wp-json\/wp\/v2\/posts\/12654\/revisions\/12661"}],"wp:featuredmedia":[{"embeddable":true,"href":"https:\/\/www.grupozaragoza.com\/fr\/wp-json\/wp\/v2\/media\/12666"}],"wp:attachment":[{"href":"https:\/\/www.grupozaragoza.com\/fr\/wp-json\/wp\/v2\/media?parent=12654"}],"wp:term":[{"taxonomy":"category","embeddable":true,"href":"https:\/\/www.grupozaragoza.com\/fr\/wp-json\/wp\/v2\/categories?post=12654"},{"taxonomy":"post_tag","embeddable":true,"href":"https:\/\/www.grupozaragoza.com\/fr\/wp-json\/wp\/v2\/tags?post=12654"}],"curies":[{"name":"wp","href":"https:\/\/api.w.org\/{rel}","templated":true}]}}