{"id":10408,"date":"2023-10-04T10:15:01","date_gmt":"2023-10-04T08:15:01","guid":{"rendered":"https:\/\/www.grupozaragoza.com\/?p=10408"},"modified":"2023-10-04T10:15:01","modified_gmt":"2023-10-04T08:15:01","slug":"grupo-zaragoza-initie-les-travaux-dune-centrale-solaire-de-50-mw-a-palencia","status":"publish","type":"post","link":"https:\/\/www.grupozaragoza.com\/fr\/noticias-fr\/grupo-zaragoza-initie-les-travaux-dune-centrale-solaire-de-50-mw-a-palencia\/","title":{"rendered":"GRUPO ZARAGOZ\u00c1 INITIE LES TRAVAUX D\u2019UNE CENTRALE SOLAIRE DE 50 MW \u00c0 PALENCIA"},"content":{"rendered":"<p>La CSP Grijota II est situ\u00e9e dans les communes de Becerril de Campos, Villaumbrales et Husillos et a une capacit\u00e9 de 50 MWp, soit l&rsquo;\u00e9quivalent de la consommation annuelle de 30 000 foyers.<\/p>\n<p>Les travaux entra\u00eeneront la cr\u00e9ation de 5 emplois directs et de 185 autres indirectement.<\/p>\n<p>Selon la pr\u00e9vision, les travaux s\u2019ach\u00e8veront en avril 2024.<\/p>\n<p>Avec le d\u00e9but des travaux de la centrale solaire Grijota II, Grupo Zaragoza a d\u00e9j\u00e0 180 MW de projets solaires en construction en Espagne.<\/p>\n<p>77 000 panneaux solaires photovolta\u00efques seront install\u00e9s sur une surface de 109 hectares qui g\u00e9n\u00e9reront 95 000 MWh\/an d&rsquo;\u00e9nergie propre, \u00e9vitant ainsi l&rsquo;\u00e9mission d&rsquo;environ 70 000 tonnes de CO2 dans l&rsquo;atmosph\u00e8re par an.<\/p>\n","protected":false},"excerpt":{"rendered":"<p>La CSP Grijota II est situ\u00e9e dans les communes de Becerril de Campos, Villaumbrales et Husillos et a une capacit\u00e9 de 50 MWp, soit l&rsquo;\u00e9quivalent de la consommation annuelle de 30 000 foyers. Les travaux entra\u00eeneront la cr\u00e9ation de 5 emplois directs et de 185&#8230;<\/p>\n","protected":false},"author":4,"featured_media":10252,"comment_status":"open","ping_status":"open","sticky":false,"template":"","format":"standard","meta":{"_acf_changed":false,"footnotes":""},"categories":[77,84],"tags":[],"class_list":["post-10408","post","type-post","status-publish","format-standard","has-post-thumbnail","hentry","category-noticias-fr","category-nacional-fr"],"acf":[],"yoast_head":"<!-- This site is optimized with the Yoast SEO plugin v26.8 - https:\/\/yoast.com\/product\/yoast-seo-wordpress\/ -->\n<title>GRUPO ZARAGOZ\u00c1 INITIE LES TRAVAUX D\u2019UNE CENTRALE SOLAIRE DE 50 MW \u00c0 PALENCIA - GRUPO ZARAGOZ\u00c1<\/title>\n<meta name=\"robots\" content=\"index, follow, max-snippet:-1, max-image-preview:large, max-video-preview:-1\" \/>\n<link rel=\"canonical\" href=\"https:\/\/www.grupozaragoza.com\/fr\/noticias-fr\/grupo-zaragoza-initie-les-travaux-dune-centrale-solaire-de-50-mw-a-palencia\/\" \/>\n<meta property=\"og:locale\" content=\"fr_FR\" \/>\n<meta property=\"og:type\" content=\"article\" \/>\n<meta property=\"og:title\" content=\"GRUPO ZARAGOZ\u00c1 INITIE LES TRAVAUX D\u2019UNE CENTRALE SOLAIRE DE 50 MW \u00c0 PALENCIA - GRUPO ZARAGOZ\u00c1\" \/>\n<meta property=\"og:description\" content=\"La CSP Grijota II est situ\u00e9e dans les communes de Becerril de Campos, Villaumbrales et Husillos et a une capacit\u00e9 de 50 MWp, soit l&rsquo;\u00e9quivalent de la consommation annuelle de 30 000 foyers. Les travaux entra\u00eeneront la cr\u00e9ation de 5 emplois directs et de 185...\" \/>\n<meta property=\"og:url\" content=\"https:\/\/www.grupozaragoza.com\/fr\/noticias-fr\/grupo-zaragoza-initie-les-travaux-dune-centrale-solaire-de-50-mw-a-palencia\/\" \/>\n<meta property=\"og:site_name\" content=\"GRUPO ZARAGOZ\u00c1\" \/>\n<meta property=\"article:published_time\" content=\"2023-10-04T08:15:01+00:00\" \/>\n<meta property=\"og:image\" content=\"https:\/\/www.grupozaragoza.com\/wp-content\/uploads\/2023\/09\/image00001-copia.jpeg\" \/>\n\t<meta property=\"og:image:width\" content=\"2250\" \/>\n\t<meta property=\"og:image:height\" content=\"2250\" \/>\n\t<meta property=\"og:image:type\" content=\"image\/jpeg\" \/>\n<meta name=\"author\" content=\"MARKETING\" \/>\n<meta name=\"twitter:card\" content=\"summary_large_image\" \/>\n<meta name=\"twitter:label1\" content=\"\u00c9crit par\" \/>\n\t<meta name=\"twitter:data1\" content=\"MARKETING\" \/>\n\t<meta name=\"twitter:label2\" content=\"Dur\u00e9e de lecture estim\u00e9e\" \/>\n\t<meta name=\"twitter:data2\" content=\"1 minute\" \/>\n<script type=\"application\/ld+json\" class=\"yoast-schema-graph\">{\"@context\":\"https:\/\/schema.org\",\"@graph\":[{\"@type\":\"Article\",\"@id\":\"https:\/\/www.grupozaragoza.com\/fr\/noticias-fr\/grupo-zaragoza-initie-les-travaux-dune-centrale-solaire-de-50-mw-a-palencia\/#article\",\"isPartOf\":{\"@id\":\"https:\/\/www.grupozaragoza.com\/fr\/noticias-fr\/grupo-zaragoza-initie-les-travaux-dune-centrale-solaire-de-50-mw-a-palencia\/\"},\"author\":{\"name\":\"MARKETING\",\"@id\":\"https:\/\/www.grupozaragoza.com\/#\/schema\/person\/fbb75be1a91cd591811151e34788f9e9\"},\"headline\":\"GRUPO ZARAGOZ\u00c1 INITIE LES TRAVAUX D\u2019UNE CENTRALE SOLAIRE DE 50 MW \u00c0 PALENCIA\",\"datePublished\":\"2023-10-04T08:15:01+00:00\",\"mainEntityOfPage\":{\"@id\":\"https:\/\/www.grupozaragoza.com\/fr\/noticias-fr\/grupo-zaragoza-initie-les-travaux-dune-centrale-solaire-de-50-mw-a-palencia\/\"},\"wordCount\":128,\"commentCount\":0,\"publisher\":{\"@id\":\"https:\/\/www.grupozaragoza.com\/#organization\"},\"image\":{\"@id\":\"https:\/\/www.grupozaragoza.com\/fr\/noticias-fr\/grupo-zaragoza-initie-les-travaux-dune-centrale-solaire-de-50-mw-a-palencia\/#primaryimage\"},\"thumbnailUrl\":\"https:\/\/www.grupozaragoza.com\/wp-content\/uploads\/2023\/09\/image00001-copia.jpeg\",\"articleSection\":[\"Informations\",\"National\"],\"inLanguage\":\"fr-FR\",\"potentialAction\":[{\"@type\":\"CommentAction\",\"name\":\"Comment\",\"target\":[\"https:\/\/www.grupozaragoza.com\/fr\/noticias-fr\/grupo-zaragoza-initie-les-travaux-dune-centrale-solaire-de-50-mw-a-palencia\/#respond\"]}]},{\"@type\":\"WebPage\",\"@id\":\"https:\/\/www.grupozaragoza.com\/fr\/noticias-fr\/grupo-zaragoza-initie-les-travaux-dune-centrale-solaire-de-50-mw-a-palencia\/\",\"url\":\"https:\/\/www.grupozaragoza.com\/fr\/noticias-fr\/grupo-zaragoza-initie-les-travaux-dune-centrale-solaire-de-50-mw-a-palencia\/\",\"name\":\"GRUPO ZARAGOZ\u00c1 INITIE LES TRAVAUX D\u2019UNE CENTRALE SOLAIRE DE 50 MW \u00c0 PALENCIA - GRUPO ZARAGOZ\u00c1\",\"isPartOf\":{\"@id\":\"https:\/\/www.grupozaragoza.com\/#website\"},\"primaryImageOfPage\":{\"@id\":\"https:\/\/www.grupozaragoza.com\/fr\/noticias-fr\/grupo-zaragoza-initie-les-travaux-dune-centrale-solaire-de-50-mw-a-palencia\/#primaryimage\"},\"image\":{\"@id\":\"https:\/\/www.grupozaragoza.com\/fr\/noticias-fr\/grupo-zaragoza-initie-les-travaux-dune-centrale-solaire-de-50-mw-a-palencia\/#primaryimage\"},\"thumbnailUrl\":\"https:\/\/www.grupozaragoza.com\/wp-content\/uploads\/2023\/09\/image00001-copia.jpeg\",\"datePublished\":\"2023-10-04T08:15:01+00:00\",\"breadcrumb\":{\"@id\":\"https:\/\/www.grupozaragoza.com\/fr\/noticias-fr\/grupo-zaragoza-initie-les-travaux-dune-centrale-solaire-de-50-mw-a-palencia\/#breadcrumb\"},\"inLanguage\":\"fr-FR\",\"potentialAction\":[{\"@type\":\"ReadAction\",\"target\":[\"https:\/\/www.grupozaragoza.com\/fr\/noticias-fr\/grupo-zaragoza-initie-les-travaux-dune-centrale-solaire-de-50-mw-a-palencia\/\"]}]},{\"@type\":\"ImageObject\",\"inLanguage\":\"fr-FR\",\"@id\":\"https:\/\/www.grupozaragoza.com\/fr\/noticias-fr\/grupo-zaragoza-initie-les-travaux-dune-centrale-solaire-de-50-mw-a-palencia\/#primaryimage\",\"url\":\"https:\/\/www.grupozaragoza.com\/wp-content\/uploads\/2023\/09\/image00001-copia.jpeg\",\"contentUrl\":\"https:\/\/www.grupozaragoza.com\/wp-content\/uploads\/2023\/09\/image00001-copia.jpeg\",\"width\":2250,\"height\":2250,\"caption\":\"DCIM100MEDIADJI_0382.JPG\"},{\"@type\":\"BreadcrumbList\",\"@id\":\"https:\/\/www.grupozaragoza.com\/fr\/noticias-fr\/grupo-zaragoza-initie-les-travaux-dune-centrale-solaire-de-50-mw-a-palencia\/#breadcrumb\",\"itemListElement\":[{\"@type\":\"ListItem\",\"position\":1,\"name\":\"Portada\",\"item\":\"https:\/\/www.grupozaragoza.com\/fr\/\"},{\"@type\":\"ListItem\",\"position\":2,\"name\":\"GRUPO ZARAGOZ\u00c1 INITIE LES TRAVAUX D\u2019UNE CENTRALE SOLAIRE DE 50 MW \u00c0 PALENCIA\"}]},{\"@type\":\"WebSite\",\"@id\":\"https:\/\/www.grupozaragoza.com\/#website\",\"url\":\"https:\/\/www.grupozaragoza.com\/\",\"name\":\"GRUPO ZARAGOZ\u00c1\",\"description\":\"Ingenieria &amp; Arquitectura Creativa\",\"publisher\":{\"@id\":\"https:\/\/www.grupozaragoza.com\/#organization\"},\"potentialAction\":[{\"@type\":\"SearchAction\",\"target\":{\"@type\":\"EntryPoint\",\"urlTemplate\":\"https:\/\/www.grupozaragoza.com\/?s={search_term_string}\"},\"query-input\":{\"@type\":\"PropertyValueSpecification\",\"valueRequired\":true,\"valueName\":\"search_term_string\"}}],\"inLanguage\":\"fr-FR\"},{\"@type\":\"Organization\",\"@id\":\"https:\/\/www.grupozaragoza.com\/#organization\",\"name\":\"GRUPO ZARAGOZ\u00c1\",\"url\":\"https:\/\/www.grupozaragoza.com\/\",\"logo\":{\"@type\":\"ImageObject\",\"inLanguage\":\"fr-FR\",\"@id\":\"https:\/\/www.grupozaragoza.com\/#\/schema\/logo\/image\/\",\"url\":\"https:\/\/www.grupozaragoza.com\/wp-content\/uploads\/2017\/08\/logo_zaragoza.png\",\"contentUrl\":\"https:\/\/www.grupozaragoza.com\/wp-content\/uploads\/2017\/08\/logo_zaragoza.png\",\"width\":676,\"height\":180,\"caption\":\"GRUPO ZARAGOZ\u00c1\"},\"image\":{\"@id\":\"https:\/\/www.grupozaragoza.com\/#\/schema\/logo\/image\/\"},\"sameAs\":[\"https:\/\/www.linkedin.com\/company\/grupozaragoza\/\",\"https:\/\/www.instagram.com\/grupozaragoza_com\/\"]},{\"@type\":\"Person\",\"@id\":\"https:\/\/www.grupozaragoza.com\/#\/schema\/person\/fbb75be1a91cd591811151e34788f9e9\",\"name\":\"MARKETING\",\"image\":{\"@type\":\"ImageObject\",\"inLanguage\":\"fr-FR\",\"@id\":\"https:\/\/www.grupozaragoza.com\/#\/schema\/person\/image\/\",\"url\":\"https:\/\/secure.gravatar.com\/avatar\/33f112a6621197994ea1e32ea1b347ad45be37f5a9512f0de4b7600bbc051dc4?s=96&d=mm&r=g\",\"contentUrl\":\"https:\/\/secure.gravatar.com\/avatar\/33f112a6621197994ea1e32ea1b347ad45be37f5a9512f0de4b7600bbc051dc4?s=96&d=mm&r=g\",\"caption\":\"MARKETING\"},\"url\":\"https:\/\/www.grupozaragoza.com\/fr\/author\/marketing\/\"}]}<\/script>\n<!-- \/ Yoast SEO plugin. -->","yoast_head_json":{"title":"GRUPO ZARAGOZ\u00c1 INITIE LES TRAVAUX D\u2019UNE CENTRALE SOLAIRE DE 50 MW \u00c0 PALENCIA - GRUPO ZARAGOZ\u00c1","robots":{"index":"index","follow":"follow","max-snippet":"max-snippet:-1","max-image-preview":"max-image-preview:large","max-video-preview":"max-video-preview:-1"},"canonical":"https:\/\/www.grupozaragoza.com\/fr\/noticias-fr\/grupo-zaragoza-initie-les-travaux-dune-centrale-solaire-de-50-mw-a-palencia\/","og_locale":"fr_FR","og_type":"article","og_title":"GRUPO ZARAGOZ\u00c1 INITIE LES TRAVAUX D\u2019UNE CENTRALE SOLAIRE DE 50 MW \u00c0 PALENCIA - GRUPO ZARAGOZ\u00c1","og_description":"La CSP Grijota II est situ\u00e9e dans les communes de Becerril de Campos, Villaumbrales et Husillos et a une capacit\u00e9 de 50 MWp, soit l&rsquo;\u00e9quivalent de la consommation annuelle de 30 000 foyers. Les travaux entra\u00eeneront la cr\u00e9ation de 5 emplois directs et de 185...","og_url":"https:\/\/www.grupozaragoza.com\/fr\/noticias-fr\/grupo-zaragoza-initie-les-travaux-dune-centrale-solaire-de-50-mw-a-palencia\/","og_site_name":"GRUPO ZARAGOZ\u00c1","article_published_time":"2023-10-04T08:15:01+00:00","og_image":[{"width":2250,"height":2250,"url":"https:\/\/www.grupozaragoza.com\/wp-content\/uploads\/2023\/09\/image00001-copia.jpeg","type":"image\/jpeg"}],"author":"MARKETING","twitter_card":"summary_large_image","twitter_misc":{"\u00c9crit par":"MARKETING","Dur\u00e9e de lecture estim\u00e9e":"1 minute"},"schema":{"@context":"https:\/\/schema.org","@graph":[{"@type":"Article","@id":"https:\/\/www.grupozaragoza.com\/fr\/noticias-fr\/grupo-zaragoza-initie-les-travaux-dune-centrale-solaire-de-50-mw-a-palencia\/#article","isPartOf":{"@id":"https:\/\/www.grupozaragoza.com\/fr\/noticias-fr\/grupo-zaragoza-initie-les-travaux-dune-centrale-solaire-de-50-mw-a-palencia\/"},"author":{"name":"MARKETING","@id":"https:\/\/www.grupozaragoza.com\/#\/schema\/person\/fbb75be1a91cd591811151e34788f9e9"},"headline":"GRUPO ZARAGOZ\u00c1 INITIE LES TRAVAUX D\u2019UNE CENTRALE SOLAIRE DE 50 MW \u00c0 PALENCIA","datePublished":"2023-10-04T08:15:01+00:00","mainEntityOfPage":{"@id":"https:\/\/www.grupozaragoza.com\/fr\/noticias-fr\/grupo-zaragoza-initie-les-travaux-dune-centrale-solaire-de-50-mw-a-palencia\/"},"wordCount":128,"commentCount":0,"publisher":{"@id":"https:\/\/www.grupozaragoza.com\/#organization"},"image":{"@id":"https:\/\/www.grupozaragoza.com\/fr\/noticias-fr\/grupo-zaragoza-initie-les-travaux-dune-centrale-solaire-de-50-mw-a-palencia\/#primaryimage"},"thumbnailUrl":"https:\/\/www.grupozaragoza.com\/wp-content\/uploads\/2023\/09\/image00001-copia.jpeg","articleSection":["Informations","National"],"inLanguage":"fr-FR","potentialAction":[{"@type":"CommentAction","name":"Comment","target":["https:\/\/www.grupozaragoza.com\/fr\/noticias-fr\/grupo-zaragoza-initie-les-travaux-dune-centrale-solaire-de-50-mw-a-palencia\/#respond"]}]},{"@type":"WebPage","@id":"https:\/\/www.grupozaragoza.com\/fr\/noticias-fr\/grupo-zaragoza-initie-les-travaux-dune-centrale-solaire-de-50-mw-a-palencia\/","url":"https:\/\/www.grupozaragoza.com\/fr\/noticias-fr\/grupo-zaragoza-initie-les-travaux-dune-centrale-solaire-de-50-mw-a-palencia\/","name":"GRUPO ZARAGOZ\u00c1 INITIE LES TRAVAUX D\u2019UNE CENTRALE SOLAIRE DE 50 MW \u00c0 PALENCIA - GRUPO ZARAGOZ\u00c1","isPartOf":{"@id":"https:\/\/www.grupozaragoza.com\/#website"},"primaryImageOfPage":{"@id":"https:\/\/www.grupozaragoza.com\/fr\/noticias-fr\/grupo-zaragoza-initie-les-travaux-dune-centrale-solaire-de-50-mw-a-palencia\/#primaryimage"},"image":{"@id":"https:\/\/www.grupozaragoza.com\/fr\/noticias-fr\/grupo-zaragoza-initie-les-travaux-dune-centrale-solaire-de-50-mw-a-palencia\/#primaryimage"},"thumbnailUrl":"https:\/\/www.grupozaragoza.com\/wp-content\/uploads\/2023\/09\/image00001-copia.jpeg","datePublished":"2023-10-04T08:15:01+00:00","breadcrumb":{"@id":"https:\/\/www.grupozaragoza.com\/fr\/noticias-fr\/grupo-zaragoza-initie-les-travaux-dune-centrale-solaire-de-50-mw-a-palencia\/#breadcrumb"},"inLanguage":"fr-FR","potentialAction":[{"@type":"ReadAction","target":["https:\/\/www.grupozaragoza.com\/fr\/noticias-fr\/grupo-zaragoza-initie-les-travaux-dune-centrale-solaire-de-50-mw-a-palencia\/"]}]},{"@type":"ImageObject","inLanguage":"fr-FR","@id":"https:\/\/www.grupozaragoza.com\/fr\/noticias-fr\/grupo-zaragoza-initie-les-travaux-dune-centrale-solaire-de-50-mw-a-palencia\/#primaryimage","url":"https:\/\/www.grupozaragoza.com\/wp-content\/uploads\/2023\/09\/image00001-copia.jpeg","contentUrl":"https:\/\/www.grupozaragoza.com\/wp-content\/uploads\/2023\/09\/image00001-copia.jpeg","width":2250,"height":2250,"caption":"DCIM100MEDIADJI_0382.JPG"},{"@type":"BreadcrumbList","@id":"https:\/\/www.grupozaragoza.com\/fr\/noticias-fr\/grupo-zaragoza-initie-les-travaux-dune-centrale-solaire-de-50-mw-a-palencia\/#breadcrumb","itemListElement":[{"@type":"ListItem","position":1,"name":"Portada","item":"https:\/\/www.grupozaragoza.com\/fr\/"},{"@type":"ListItem","position":2,"name":"GRUPO ZARAGOZ\u00c1 INITIE LES TRAVAUX D\u2019UNE CENTRALE SOLAIRE DE 50 MW \u00c0 PALENCIA"}]},{"@type":"WebSite","@id":"https:\/\/www.grupozaragoza.com\/#website","url":"https:\/\/www.grupozaragoza.com\/","name":"GRUPO ZARAGOZ\u00c1","description":"Ingenieria &amp; Arquitectura Creativa","publisher":{"@id":"https:\/\/www.grupozaragoza.com\/#organization"},"potentialAction":[{"@type":"SearchAction","target":{"@type":"EntryPoint","urlTemplate":"https:\/\/www.grupozaragoza.com\/?s={search_term_string}"},"query-input":{"@type":"PropertyValueSpecification","valueRequired":true,"valueName":"search_term_string"}}],"inLanguage":"fr-FR"},{"@type":"Organization","@id":"https:\/\/www.grupozaragoza.com\/#organization","name":"GRUPO ZARAGOZ\u00c1","url":"https:\/\/www.grupozaragoza.com\/","logo":{"@type":"ImageObject","inLanguage":"fr-FR","@id":"https:\/\/www.grupozaragoza.com\/#\/schema\/logo\/image\/","url":"https:\/\/www.grupozaragoza.com\/wp-content\/uploads\/2017\/08\/logo_zaragoza.png","contentUrl":"https:\/\/www.grupozaragoza.com\/wp-content\/uploads\/2017\/08\/logo_zaragoza.png","width":676,"height":180,"caption":"GRUPO ZARAGOZ\u00c1"},"image":{"@id":"https:\/\/www.grupozaragoza.com\/#\/schema\/logo\/image\/"},"sameAs":["https:\/\/www.linkedin.com\/company\/grupozaragoza\/","https:\/\/www.instagram.com\/grupozaragoza_com\/"]},{"@type":"Person","@id":"https:\/\/www.grupozaragoza.com\/#\/schema\/person\/fbb75be1a91cd591811151e34788f9e9","name":"MARKETING","image":{"@type":"ImageObject","inLanguage":"fr-FR","@id":"https:\/\/www.grupozaragoza.com\/#\/schema\/person\/image\/","url":"https:\/\/secure.gravatar.com\/avatar\/33f112a6621197994ea1e32ea1b347ad45be37f5a9512f0de4b7600bbc051dc4?s=96&d=mm&r=g","contentUrl":"https:\/\/secure.gravatar.com\/avatar\/33f112a6621197994ea1e32ea1b347ad45be37f5a9512f0de4b7600bbc051dc4?s=96&d=mm&r=g","caption":"MARKETING"},"url":"https:\/\/www.grupozaragoza.com\/fr\/author\/marketing\/"}]}},"_links":{"self":[{"href":"https:\/\/www.grupozaragoza.com\/fr\/wp-json\/wp\/v2\/posts\/10408","targetHints":{"allow":["GET"]}}],"collection":[{"href":"https:\/\/www.grupozaragoza.com\/fr\/wp-json\/wp\/v2\/posts"}],"about":[{"href":"https:\/\/www.grupozaragoza.com\/fr\/wp-json\/wp\/v2\/types\/post"}],"author":[{"embeddable":true,"href":"https:\/\/www.grupozaragoza.com\/fr\/wp-json\/wp\/v2\/users\/4"}],"replies":[{"embeddable":true,"href":"https:\/\/www.grupozaragoza.com\/fr\/wp-json\/wp\/v2\/comments?post=10408"}],"version-history":[{"count":1,"href":"https:\/\/www.grupozaragoza.com\/fr\/wp-json\/wp\/v2\/posts\/10408\/revisions"}],"predecessor-version":[{"id":10409,"href":"https:\/\/www.grupozaragoza.com\/fr\/wp-json\/wp\/v2\/posts\/10408\/revisions\/10409"}],"wp:featuredmedia":[{"embeddable":true,"href":"https:\/\/www.grupozaragoza.com\/fr\/wp-json\/wp\/v2\/media\/10252"}],"wp:attachment":[{"href":"https:\/\/www.grupozaragoza.com\/fr\/wp-json\/wp\/v2\/media?parent=10408"}],"wp:term":[{"taxonomy":"category","embeddable":true,"href":"https:\/\/www.grupozaragoza.com\/fr\/wp-json\/wp\/v2\/categories?post=10408"},{"taxonomy":"post_tag","embeddable":true,"href":"https:\/\/www.grupozaragoza.com\/fr\/wp-json\/wp\/v2\/tags?post=10408"}],"curies":[{"name":"wp","href":"https:\/\/api.w.org\/{rel}","templated":true}]}}