{"id":8956,"date":"2019-12-18T08:44:01","date_gmt":"2019-12-18T08:44:01","guid":{"rendered":"http:\/\/www.grupozaragoza.com\/uncategorized\/ayudas-de-la-generalitat-valenciana\/"},"modified":"2020-06-22T10:12:57","modified_gmt":"2020-06-22T10:12:57","slug":"grant-from-the-generalitat-valenciana","status":"publish","type":"post","link":"https:\/\/www.grupozaragoza.com\/en\/noticias-en\/grant-from-the-generalitat-valenciana\/","title":{"rendered":"Grant from the Generalitat Valenciana"},"content":{"rendered":"<p>The Territorial Service for the Promotion of Employment in Valencia \u2013 Direcci\u00f3n Terrirorial de Conseller\u00eda Econom\u00eda Sostenible, Sectores Productivos, Comercio y Trabajo de Valencia de la GENERALITAT VALENCIANA; has decided to grant ZARAGOZ\u00c1 MEDIENERCO, S.L.,\u00a0 for recruitment in the context of the programmes for the promotion of employment within the territorial area of the Valencian Community.<\/p>\n<h2><\/h2>\n<h2>ECOVUL \u2013 2019<\/h2>\n<p>Programme \u00a0to promote the indefinite recruitment of certain vulnerable groups in the territorial area of the Valencian Community.\u00a0 People at risk of social inclusion, long-term unemployed, over 50 years, women and \/ or people with functional diversity<\/p>\n<ul>\n<li>File No: \u00a0\u00a0\u00a0\u00a0\u00a0\u00a0\u00a0\u00a0\u00a0\u00a0\u00a0 ECOVUL\/2019\/289\/46<\/li>\n<li>Amount granted: 23.940,00 \u20ac<\/li>\n<\/ul>\n<h2><\/h2>\n<h2>ECOGJU \u2013 2019<\/h2>\n<p>Aid Program for the initial indefinite hiring of young people.\u00a0 \u201cAVALEM JOVES \u2013 Garant\u00eda juvenil\u201d<\/p>\n<ul>\n<li>File No: \u00a0\u00a0\u00a0\u00a0\u00a0\u00a0\u00a0\u00a0\u00a0\u00a0\u00a0 ECOGJU\/2019\/151\/46<\/li>\n<li>Amount granted: 23.940,00 \u20ac<\/li>\n<\/ul>\n<p>&nbsp;<\/p>\n<h2>Description<\/h2>\n<p>Collectives of unemployed people targeted by the Operational Program of the European Social Fund 2014-2020 of the Valencian Community within the Priority of Investment 9.1 (active inclusion, promoting equal opportunities, active participation and improving the possibility of finding a job ) of Thematic Objective 9 (promoting \u00a0social inclusion and fight against poverty and any form of discrimination)<\/p>\n<p>&nbsp;<\/p>\n<h3>Financing entity<\/h3>\n<p><img loading=\"lazy\" decoding=\"async\" width=\"573\" height=\"101\" class=\"alignnone size-full wp-image-8950\" src=\"https:\/\/www.grupozaragoza.com\/wp-content\/uploads\/2020\/03\/logos.jpg\" alt=\"Financing entity\" srcset=\"https:\/\/www.grupozaragoza.com\/wp-content\/uploads\/2020\/03\/logos.jpg 573w, https:\/\/www.grupozaragoza.com\/wp-content\/uploads\/2020\/03\/logos-300x53.jpg 300w, https:\/\/www.grupozaragoza.com\/wp-content\/uploads\/2020\/03\/logos-570x101.jpg 570w\" sizes=\"auto, (max-width: 573px) 100vw, 573px\" \/><\/p>\n","protected":false},"excerpt":{"rendered":"<p>The Territorial Service for the Promotion of Employment in Valencia \u2013 Direcci\u00f3n Terrirorial de Conseller\u00eda Econom\u00eda Sostenible, Sectores Productivos, Comercio y Trabajo de Valencia de la GENERALITAT VALENCIANA; has decided to grant ZARAGOZ\u00c1 MEDIENERCO, S.L.,\u00a0 for recruitment in the context of the programmes for the&#8230;<\/p>\n","protected":false},"author":4,"featured_media":8966,"comment_status":"closed","ping_status":"open","sticky":false,"template":"","format":"standard","meta":{"_acf_changed":false,"footnotes":""},"categories":[73],"tags":[],"class_list":["post-8956","post","type-post","status-publish","format-standard","has-post-thumbnail","hentry","category-noticias-en"],"acf":[],"yoast_head":"<!-- This site is optimized with the Yoast SEO plugin v26.8 - https:\/\/yoast.com\/product\/yoast-seo-wordpress\/ -->\n<title>Grant from the Generalitat Valenciana - Grupo Zaragoz\u00e1<\/title>\n<meta name=\"robots\" content=\"index, follow, max-snippet:-1, max-image-preview:large, max-video-preview:-1\" \/>\n<link rel=\"canonical\" href=\"https:\/\/www.grupozaragoza.com\/en\/noticias-en\/grant-from-the-generalitat-valenciana\/\" \/>\n<meta property=\"og:locale\" content=\"en_US\" \/>\n<meta property=\"og:type\" content=\"article\" \/>\n<meta property=\"og:title\" content=\"Grant from the Generalitat Valenciana - Grupo Zaragoz\u00e1\" \/>\n<meta property=\"og:description\" content=\"The Territorial Service for the Promotion of Employment in Valencia \u2013 Direcci\u00f3n Terrirorial de Conseller\u00eda Econom\u00eda Sostenible, Sectores Productivos, Comercio y Trabajo de Valencia de la GENERALITAT VALENCIANA; has decided to grant ZARAGOZ\u00c1 MEDIENERCO, S.L.,\u00a0 for recruitment in the context of the programmes for the...\" \/>\n<meta property=\"og:url\" content=\"https:\/\/www.grupozaragoza.com\/en\/noticias-en\/grant-from-the-generalitat-valenciana\/\" \/>\n<meta property=\"og:site_name\" content=\"Grupo Zaragoz\u00e1\" \/>\n<meta property=\"article:published_time\" content=\"2019-12-18T08:44:01+00:00\" \/>\n<meta property=\"article:modified_time\" content=\"2020-06-22T10:12:57+00:00\" \/>\n<meta property=\"og:image\" content=\"https:\/\/www.grupozaragoza.com\/wp-content\/uploads\/2019\/12\/logos-big.jpg\" \/>\n\t<meta property=\"og:image:width\" content=\"1300\" \/>\n\t<meta property=\"og:image:height\" content=\"867\" \/>\n\t<meta property=\"og:image:type\" content=\"image\/jpeg\" \/>\n<meta name=\"author\" content=\"MARKETING\" \/>\n<meta name=\"twitter:card\" content=\"summary_large_image\" \/>\n<meta name=\"twitter:label1\" content=\"Written by\" \/>\n\t<meta name=\"twitter:data1\" content=\"MARKETING\" \/>\n\t<meta name=\"twitter:label2\" content=\"Est. reading time\" \/>\n\t<meta name=\"twitter:data2\" content=\"1 minute\" \/>\n<script type=\"application\/ld+json\" class=\"yoast-schema-graph\">{\"@context\":\"https:\/\/schema.org\",\"@graph\":[{\"@type\":\"Article\",\"@id\":\"https:\/\/www.grupozaragoza.com\/en\/noticias-en\/grant-from-the-generalitat-valenciana\/#article\",\"isPartOf\":{\"@id\":\"https:\/\/www.grupozaragoza.com\/en\/noticias-en\/grant-from-the-generalitat-valenciana\/\"},\"author\":{\"name\":\"MARKETING\",\"@id\":\"https:\/\/www.grupozaragoza.com\/#\/schema\/person\/fbb75be1a91cd591811151e34788f9e9\"},\"headline\":\"Grant from the Generalitat Valenciana\",\"datePublished\":\"2019-12-18T08:44:01+00:00\",\"dateModified\":\"2020-06-22T10:12:57+00:00\",\"mainEntityOfPage\":{\"@id\":\"https:\/\/www.grupozaragoza.com\/en\/noticias-en\/grant-from-the-generalitat-valenciana\/\"},\"wordCount\":185,\"publisher\":{\"@id\":\"https:\/\/www.grupozaragoza.com\/#organization\"},\"image\":{\"@id\":\"https:\/\/www.grupozaragoza.com\/en\/noticias-en\/grant-from-the-generalitat-valenciana\/#primaryimage\"},\"thumbnailUrl\":\"https:\/\/www.grupozaragoza.com\/wp-content\/uploads\/2019\/12\/logos-big.jpg\",\"articleSection\":[\"News\"],\"inLanguage\":\"en-US\"},{\"@type\":\"WebPage\",\"@id\":\"https:\/\/www.grupozaragoza.com\/en\/noticias-en\/grant-from-the-generalitat-valenciana\/\",\"url\":\"https:\/\/www.grupozaragoza.com\/en\/noticias-en\/grant-from-the-generalitat-valenciana\/\",\"name\":\"Grant from the Generalitat Valenciana - Grupo Zaragoz\u00e1\",\"isPartOf\":{\"@id\":\"https:\/\/www.grupozaragoza.com\/#website\"},\"primaryImageOfPage\":{\"@id\":\"https:\/\/www.grupozaragoza.com\/en\/noticias-en\/grant-from-the-generalitat-valenciana\/#primaryimage\"},\"image\":{\"@id\":\"https:\/\/www.grupozaragoza.com\/en\/noticias-en\/grant-from-the-generalitat-valenciana\/#primaryimage\"},\"thumbnailUrl\":\"https:\/\/www.grupozaragoza.com\/wp-content\/uploads\/2019\/12\/logos-big.jpg\",\"datePublished\":\"2019-12-18T08:44:01+00:00\",\"dateModified\":\"2020-06-22T10:12:57+00:00\",\"breadcrumb\":{\"@id\":\"https:\/\/www.grupozaragoza.com\/en\/noticias-en\/grant-from-the-generalitat-valenciana\/#breadcrumb\"},\"inLanguage\":\"en-US\",\"potentialAction\":[{\"@type\":\"ReadAction\",\"target\":[\"https:\/\/www.grupozaragoza.com\/en\/noticias-en\/grant-from-the-generalitat-valenciana\/\"]}]},{\"@type\":\"ImageObject\",\"inLanguage\":\"en-US\",\"@id\":\"https:\/\/www.grupozaragoza.com\/en\/noticias-en\/grant-from-the-generalitat-valenciana\/#primaryimage\",\"url\":\"https:\/\/www.grupozaragoza.com\/wp-content\/uploads\/2019\/12\/logos-big.jpg\",\"contentUrl\":\"https:\/\/www.grupozaragoza.com\/wp-content\/uploads\/2019\/12\/logos-big.jpg\",\"width\":1300,\"height\":867},{\"@type\":\"BreadcrumbList\",\"@id\":\"https:\/\/www.grupozaragoza.com\/en\/noticias-en\/grant-from-the-generalitat-valenciana\/#breadcrumb\",\"itemListElement\":[{\"@type\":\"ListItem\",\"position\":1,\"name\":\"Portada\",\"item\":\"https:\/\/www.grupozaragoza.com\/en\/\"},{\"@type\":\"ListItem\",\"position\":2,\"name\":\"Grant from the Generalitat Valenciana\"}]},{\"@type\":\"WebSite\",\"@id\":\"https:\/\/www.grupozaragoza.com\/#website\",\"url\":\"https:\/\/www.grupozaragoza.com\/\",\"name\":\"Grupo Zaragoz\u00e1\",\"description\":\"Grupo Zaragoz\u00e1 desarrolla, construye (EPC) y mantiene (O&amp;M) Plantas Fotovoltaicas\",\"publisher\":{\"@id\":\"https:\/\/www.grupozaragoza.com\/#organization\"},\"potentialAction\":[{\"@type\":\"SearchAction\",\"target\":{\"@type\":\"EntryPoint\",\"urlTemplate\":\"https:\/\/www.grupozaragoza.com\/?s={search_term_string}\"},\"query-input\":{\"@type\":\"PropertyValueSpecification\",\"valueRequired\":true,\"valueName\":\"search_term_string\"}}],\"inLanguage\":\"en-US\"},{\"@type\":\"Organization\",\"@id\":\"https:\/\/www.grupozaragoza.com\/#organization\",\"name\":\"Grupo Zaragoz\u00e1\",\"url\":\"https:\/\/www.grupozaragoza.com\/\",\"logo\":{\"@type\":\"ImageObject\",\"inLanguage\":\"en-US\",\"@id\":\"https:\/\/www.grupozaragoza.com\/#\/schema\/logo\/image\/\",\"url\":\"https:\/\/www.grupozaragoza.com\/wp-content\/uploads\/2017\/08\/logo_zaragoza.png\",\"contentUrl\":\"https:\/\/www.grupozaragoza.com\/wp-content\/uploads\/2017\/08\/logo_zaragoza.png\",\"width\":676,\"height\":180,\"caption\":\"Grupo Zaragoz\u00e1\"},\"image\":{\"@id\":\"https:\/\/www.grupozaragoza.com\/#\/schema\/logo\/image\/\"},\"sameAs\":[\"https:\/\/www.linkedin.com\/company\/grupozaragoza\/\",\"https:\/\/www.instagram.com\/grupozaragoza_com\/\"]},{\"@type\":\"Person\",\"@id\":\"https:\/\/www.grupozaragoza.com\/#\/schema\/person\/fbb75be1a91cd591811151e34788f9e9\",\"name\":\"MARKETING\",\"image\":{\"@type\":\"ImageObject\",\"inLanguage\":\"en-US\",\"@id\":\"https:\/\/www.grupozaragoza.com\/#\/schema\/person\/image\/\",\"url\":\"https:\/\/secure.gravatar.com\/avatar\/33f112a6621197994ea1e32ea1b347ad45be37f5a9512f0de4b7600bbc051dc4?s=96&d=mm&r=g\",\"contentUrl\":\"https:\/\/secure.gravatar.com\/avatar\/33f112a6621197994ea1e32ea1b347ad45be37f5a9512f0de4b7600bbc051dc4?s=96&d=mm&r=g\",\"caption\":\"MARKETING\"},\"url\":\"https:\/\/www.grupozaragoza.com\/en\/author\/marketing\/\"}]}<\/script>\n<!-- \/ Yoast SEO plugin. -->","yoast_head_json":{"title":"Grant from the Generalitat Valenciana - Grupo Zaragoz\u00e1","robots":{"index":"index","follow":"follow","max-snippet":"max-snippet:-1","max-image-preview":"max-image-preview:large","max-video-preview":"max-video-preview:-1"},"canonical":"https:\/\/www.grupozaragoza.com\/en\/noticias-en\/grant-from-the-generalitat-valenciana\/","og_locale":"en_US","og_type":"article","og_title":"Grant from the Generalitat Valenciana - Grupo Zaragoz\u00e1","og_description":"The Territorial Service for the Promotion of Employment in Valencia \u2013 Direcci\u00f3n Terrirorial de Conseller\u00eda Econom\u00eda Sostenible, Sectores Productivos, Comercio y Trabajo de Valencia de la GENERALITAT VALENCIANA; has decided to grant ZARAGOZ\u00c1 MEDIENERCO, S.L.,\u00a0 for recruitment in the context of the programmes for the...","og_url":"https:\/\/www.grupozaragoza.com\/en\/noticias-en\/grant-from-the-generalitat-valenciana\/","og_site_name":"Grupo Zaragoz\u00e1","article_published_time":"2019-12-18T08:44:01+00:00","article_modified_time":"2020-06-22T10:12:57+00:00","og_image":[{"width":1300,"height":867,"url":"https:\/\/www.grupozaragoza.com\/wp-content\/uploads\/2019\/12\/logos-big.jpg","type":"image\/jpeg"}],"author":"MARKETING","twitter_card":"summary_large_image","twitter_misc":{"Written by":"MARKETING","Est. reading time":"1 minute"},"schema":{"@context":"https:\/\/schema.org","@graph":[{"@type":"Article","@id":"https:\/\/www.grupozaragoza.com\/en\/noticias-en\/grant-from-the-generalitat-valenciana\/#article","isPartOf":{"@id":"https:\/\/www.grupozaragoza.com\/en\/noticias-en\/grant-from-the-generalitat-valenciana\/"},"author":{"name":"MARKETING","@id":"https:\/\/www.grupozaragoza.com\/#\/schema\/person\/fbb75be1a91cd591811151e34788f9e9"},"headline":"Grant from the Generalitat Valenciana","datePublished":"2019-12-18T08:44:01+00:00","dateModified":"2020-06-22T10:12:57+00:00","mainEntityOfPage":{"@id":"https:\/\/www.grupozaragoza.com\/en\/noticias-en\/grant-from-the-generalitat-valenciana\/"},"wordCount":185,"publisher":{"@id":"https:\/\/www.grupozaragoza.com\/#organization"},"image":{"@id":"https:\/\/www.grupozaragoza.com\/en\/noticias-en\/grant-from-the-generalitat-valenciana\/#primaryimage"},"thumbnailUrl":"https:\/\/www.grupozaragoza.com\/wp-content\/uploads\/2019\/12\/logos-big.jpg","articleSection":["News"],"inLanguage":"en-US"},{"@type":"WebPage","@id":"https:\/\/www.grupozaragoza.com\/en\/noticias-en\/grant-from-the-generalitat-valenciana\/","url":"https:\/\/www.grupozaragoza.com\/en\/noticias-en\/grant-from-the-generalitat-valenciana\/","name":"Grant from the Generalitat Valenciana - Grupo Zaragoz\u00e1","isPartOf":{"@id":"https:\/\/www.grupozaragoza.com\/#website"},"primaryImageOfPage":{"@id":"https:\/\/www.grupozaragoza.com\/en\/noticias-en\/grant-from-the-generalitat-valenciana\/#primaryimage"},"image":{"@id":"https:\/\/www.grupozaragoza.com\/en\/noticias-en\/grant-from-the-generalitat-valenciana\/#primaryimage"},"thumbnailUrl":"https:\/\/www.grupozaragoza.com\/wp-content\/uploads\/2019\/12\/logos-big.jpg","datePublished":"2019-12-18T08:44:01+00:00","dateModified":"2020-06-22T10:12:57+00:00","breadcrumb":{"@id":"https:\/\/www.grupozaragoza.com\/en\/noticias-en\/grant-from-the-generalitat-valenciana\/#breadcrumb"},"inLanguage":"en-US","potentialAction":[{"@type":"ReadAction","target":["https:\/\/www.grupozaragoza.com\/en\/noticias-en\/grant-from-the-generalitat-valenciana\/"]}]},{"@type":"ImageObject","inLanguage":"en-US","@id":"https:\/\/www.grupozaragoza.com\/en\/noticias-en\/grant-from-the-generalitat-valenciana\/#primaryimage","url":"https:\/\/www.grupozaragoza.com\/wp-content\/uploads\/2019\/12\/logos-big.jpg","contentUrl":"https:\/\/www.grupozaragoza.com\/wp-content\/uploads\/2019\/12\/logos-big.jpg","width":1300,"height":867},{"@type":"BreadcrumbList","@id":"https:\/\/www.grupozaragoza.com\/en\/noticias-en\/grant-from-the-generalitat-valenciana\/#breadcrumb","itemListElement":[{"@type":"ListItem","position":1,"name":"Portada","item":"https:\/\/www.grupozaragoza.com\/en\/"},{"@type":"ListItem","position":2,"name":"Grant from the Generalitat Valenciana"}]},{"@type":"WebSite","@id":"https:\/\/www.grupozaragoza.com\/#website","url":"https:\/\/www.grupozaragoza.com\/","name":"Grupo Zaragoz\u00e1","description":"Grupo Zaragoz\u00e1 desarrolla, construye (EPC) y mantiene (O&amp;M) Plantas Fotovoltaicas","publisher":{"@id":"https:\/\/www.grupozaragoza.com\/#organization"},"potentialAction":[{"@type":"SearchAction","target":{"@type":"EntryPoint","urlTemplate":"https:\/\/www.grupozaragoza.com\/?s={search_term_string}"},"query-input":{"@type":"PropertyValueSpecification","valueRequired":true,"valueName":"search_term_string"}}],"inLanguage":"en-US"},{"@type":"Organization","@id":"https:\/\/www.grupozaragoza.com\/#organization","name":"Grupo Zaragoz\u00e1","url":"https:\/\/www.grupozaragoza.com\/","logo":{"@type":"ImageObject","inLanguage":"en-US","@id":"https:\/\/www.grupozaragoza.com\/#\/schema\/logo\/image\/","url":"https:\/\/www.grupozaragoza.com\/wp-content\/uploads\/2017\/08\/logo_zaragoza.png","contentUrl":"https:\/\/www.grupozaragoza.com\/wp-content\/uploads\/2017\/08\/logo_zaragoza.png","width":676,"height":180,"caption":"Grupo Zaragoz\u00e1"},"image":{"@id":"https:\/\/www.grupozaragoza.com\/#\/schema\/logo\/image\/"},"sameAs":["https:\/\/www.linkedin.com\/company\/grupozaragoza\/","https:\/\/www.instagram.com\/grupozaragoza_com\/"]},{"@type":"Person","@id":"https:\/\/www.grupozaragoza.com\/#\/schema\/person\/fbb75be1a91cd591811151e34788f9e9","name":"MARKETING","image":{"@type":"ImageObject","inLanguage":"en-US","@id":"https:\/\/www.grupozaragoza.com\/#\/schema\/person\/image\/","url":"https:\/\/secure.gravatar.com\/avatar\/33f112a6621197994ea1e32ea1b347ad45be37f5a9512f0de4b7600bbc051dc4?s=96&d=mm&r=g","contentUrl":"https:\/\/secure.gravatar.com\/avatar\/33f112a6621197994ea1e32ea1b347ad45be37f5a9512f0de4b7600bbc051dc4?s=96&d=mm&r=g","caption":"MARKETING"},"url":"https:\/\/www.grupozaragoza.com\/en\/author\/marketing\/"}]}},"_links":{"self":[{"href":"https:\/\/www.grupozaragoza.com\/en\/wp-json\/wp\/v2\/posts\/8956","targetHints":{"allow":["GET"]}}],"collection":[{"href":"https:\/\/www.grupozaragoza.com\/en\/wp-json\/wp\/v2\/posts"}],"about":[{"href":"https:\/\/www.grupozaragoza.com\/en\/wp-json\/wp\/v2\/types\/post"}],"author":[{"embeddable":true,"href":"https:\/\/www.grupozaragoza.com\/en\/wp-json\/wp\/v2\/users\/4"}],"replies":[{"embeddable":true,"href":"https:\/\/www.grupozaragoza.com\/en\/wp-json\/wp\/v2\/comments?post=8956"}],"version-history":[{"count":5,"href":"https:\/\/www.grupozaragoza.com\/en\/wp-json\/wp\/v2\/posts\/8956\/revisions"}],"predecessor-version":[{"id":9012,"href":"https:\/\/www.grupozaragoza.com\/en\/wp-json\/wp\/v2\/posts\/8956\/revisions\/9012"}],"wp:featuredmedia":[{"embeddable":true,"href":"https:\/\/www.grupozaragoza.com\/en\/wp-json\/wp\/v2\/media\/8966"}],"wp:attachment":[{"href":"https:\/\/www.grupozaragoza.com\/en\/wp-json\/wp\/v2\/media?parent=8956"}],"wp:term":[{"taxonomy":"category","embeddable":true,"href":"https:\/\/www.grupozaragoza.com\/en\/wp-json\/wp\/v2\/categories?post=8956"},{"taxonomy":"post_tag","embeddable":true,"href":"https:\/\/www.grupozaragoza.com\/en\/wp-json\/wp\/v2\/tags?post=8956"}],"curies":[{"name":"wp","href":"https:\/\/api.w.org\/{rel}","templated":true}]}}