{"id":10904,"date":"2024-01-15T16:44:48","date_gmt":"2024-01-15T15:44:48","guid":{"rendered":"https:\/\/www.grupozaragoza.com\/?p=10904"},"modified":"2024-05-07T12:49:05","modified_gmt":"2024-05-07T11:49:05","slug":"grupo-zaragoza-starts-work-on-the-grijota-i-solar-plant-50-mw-located-in-becerril-de-campos-palencia-2","status":"publish","type":"post","link":"https:\/\/www.grupozaragoza.com\/en\/noticias-en\/grupo-zaragoza-starts-work-on-the-grijota-i-solar-plant-50-mw-located-in-becerril-de-campos-palencia-2\/","title":{"rendered":"GRUPO ZARAGOZ\u00c1 STARTS WORK ON THE GRIJOTA I SOLAR PLANT (50 MW) LOCATED IN BECERRIL DE CAMPOS (PALENCIA)"},"content":{"rendered":"<div class=\"wpb-content-wrapper\"><p>[vc_row css_animation=&#8221;&#8221; row_type=&#8221;row&#8221; use_row_as_full_screen_section=&#8221;no&#8221; type=&#8221;full_width&#8221; angled_section=&#8221;no&#8221; text_align=&#8221;left&#8221; background_image_as_pattern=&#8221;without_pattern&#8221;][vc_column][vc_column_text]<\/p>\n<p align=\"justify\"><span style=\"font-family: Times New Roman, serif;\"><span style=\"font-size: medium;\"><span style=\"color: #000000;\"><span style=\"font-family: Open Sans, serif;\">GRUPO ZARAGOZ\u00c1 began work on the GRIJOTA I solar plant located between the towns of <\/span><\/span><span style=\"color: #000000;\"><span style=\"font-family: Open Sans, serif;\">Becerril de Campos, Villaumbrales and San Cebri\u00e1n de Campos (Palencia). Works are expected to be completed in the fourth quarter of 2024.<\/span><\/span><\/span><\/span><\/p>\n<p align=\"justify\"><span style=\"font-family: Times New Roman, serif;\"><span style=\"font-size: medium;\"><span style=\"color: #000000;\"><span style=\"font-family: Open Sans, serif;\">The plant will have a 51.8 MWp capacity, generating more than 94,488 MWh per year, avoiding approximately 75,318.90 Tn\/year of CO2 being emitted into the atmosphere.<\/span><\/span><\/span><\/span><\/p>\n<p align=\"justify\"><span style=\"font-family: Times New Roman, serif;\"><span style=\"font-size: medium;\"><span style=\"color: #000000;\"><span style=\"font-family: Open Sans, serif;\">This plant will have more than 75,000 HJT technology modules <\/span><\/span><span style=\"color: #000000;\"><span style=\"font-family: Open Sans, serif;\">mounted on a single-axis tracker structure distributed over a 78.54 hectare area. T<\/span><\/span><span style=\"color: #000000;\"><span style=\"font-family: Open Sans, serif;\">he GRUPO ZARAGOZ\u00c1 team has designed an installation that aims to keep occupation as minimal as possible, including only the strictly necessary, permeable fencing, so as to protect fauna in the area.<\/span><\/span><\/span><\/span><\/p>\n<p align=\"justify\"><span style=\"font-family: Times New Roman, serif;\"><span style=\"font-size: medium;\"><span style=\"color: #000000;\"><span style=\"font-family: Open Sans, serif;\">Furthermore, the plant is expected to generate up to 200<\/span><\/span><span style=\"color: #000000;\"><span style=\"font-family: Open Sans, serif;\"> indirect jobs during its construction and at least seven direct jobs in the EPC and Maintenance areas.<\/span><\/span><\/span><\/span><\/p>\n<p>[\/vc_column_text][\/vc_column][\/vc_row]<\/p>\n<\/div>","protected":false},"excerpt":{"rendered":"<p>GRUPO ZARAGOZ\u00c1 began work on the GRIJOTA I solar plant located between the towns of Becerril de Campos, Villaumbrales and San Cebri\u00e1n de Campos (Palencia). Works are expected to be completed in the fourth quarter of 2024.<\/p>\n","protected":false},"author":2,"featured_media":10888,"comment_status":"closed","ping_status":"open","sticky":false,"template":"","format":"standard","meta":{"_acf_changed":false,"footnotes":""},"categories":[73],"tags":[],"class_list":["post-10904","post","type-post","status-publish","format-standard","has-post-thumbnail","hentry","category-noticias-en"],"acf":[],"yoast_head":"<!-- This site is optimized with the Yoast SEO plugin v26.8 - https:\/\/yoast.com\/product\/yoast-seo-wordpress\/ -->\n<title>GRUPO ZARAGOZ\u00c1 STARTS WORK ON THE GRIJOTA I SOLAR PLANT (50 MW) LOCATED IN BECERRIL DE CAMPOS (PALENCIA) - Grupo Zaragoz\u00e1<\/title>\n<meta name=\"robots\" content=\"index, follow, max-snippet:-1, max-image-preview:large, max-video-preview:-1\" \/>\n<link rel=\"canonical\" href=\"https:\/\/www.grupozaragoza.com\/en\/noticias-en\/grupo-zaragoza-starts-work-on-the-grijota-i-solar-plant-50-mw-located-in-becerril-de-campos-palencia-2\/\" \/>\n<meta property=\"og:locale\" content=\"en_US\" \/>\n<meta property=\"og:type\" content=\"article\" \/>\n<meta property=\"og:title\" content=\"GRUPO ZARAGOZ\u00c1 STARTS WORK ON THE GRIJOTA I SOLAR PLANT (50 MW) LOCATED IN BECERRIL DE CAMPOS (PALENCIA) - Grupo Zaragoz\u00e1\" \/>\n<meta property=\"og:description\" content=\"GRUPO ZARAGOZ\u00c1 began work on the GRIJOTA I solar plant located between the towns of Becerril de Campos, Villaumbrales and San Cebri\u00e1n de Campos (Palencia). Works are expected to be completed in the fourth quarter of 2024.\" \/>\n<meta property=\"og:url\" content=\"https:\/\/www.grupozaragoza.com\/en\/noticias-en\/grupo-zaragoza-starts-work-on-the-grijota-i-solar-plant-50-mw-located-in-becerril-de-campos-palencia-2\/\" \/>\n<meta property=\"og:site_name\" content=\"Grupo Zaragoz\u00e1\" \/>\n<meta property=\"article:published_time\" content=\"2024-01-15T15:44:48+00:00\" \/>\n<meta property=\"article:modified_time\" content=\"2024-05-07T11:49:05+00:00\" \/>\n<meta property=\"og:image\" content=\"https:\/\/www.grupozaragoza.com\/wp-content\/uploads\/2024\/01\/image_12_2023_2.jpg\" \/>\n\t<meta property=\"og:image:width\" content=\"1600\" \/>\n\t<meta property=\"og:image:height\" content=\"1200\" \/>\n\t<meta property=\"og:image:type\" content=\"image\/jpeg\" \/>\n<meta name=\"author\" content=\"gzaragoza\" \/>\n<meta name=\"twitter:card\" content=\"summary_large_image\" \/>\n<meta name=\"twitter:label1\" content=\"Written by\" \/>\n\t<meta name=\"twitter:data1\" content=\"gzaragoza\" \/>\n\t<meta name=\"twitter:label2\" content=\"Est. reading time\" \/>\n\t<meta name=\"twitter:data2\" content=\"1 minute\" \/>\n<script type=\"application\/ld+json\" class=\"yoast-schema-graph\">{\"@context\":\"https:\/\/schema.org\",\"@graph\":[{\"@type\":\"Article\",\"@id\":\"https:\/\/www.grupozaragoza.com\/en\/noticias-en\/grupo-zaragoza-starts-work-on-the-grijota-i-solar-plant-50-mw-located-in-becerril-de-campos-palencia-2\/#article\",\"isPartOf\":{\"@id\":\"https:\/\/www.grupozaragoza.com\/en\/noticias-en\/grupo-zaragoza-starts-work-on-the-grijota-i-solar-plant-50-mw-located-in-becerril-de-campos-palencia-2\/\"},\"author\":{\"name\":\"gzaragoza\",\"@id\":\"https:\/\/www.grupozaragoza.com\/#\/schema\/person\/2b474f9f35e88147d067c40a629f8a51\"},\"headline\":\"GRUPO ZARAGOZ\u00c1 STARTS WORK ON THE GRIJOTA I SOLAR PLANT (50 MW) LOCATED IN BECERRIL DE CAMPOS (PALENCIA)\",\"datePublished\":\"2024-01-15T15:44:48+00:00\",\"dateModified\":\"2024-05-07T11:49:05+00:00\",\"mainEntityOfPage\":{\"@id\":\"https:\/\/www.grupozaragoza.com\/en\/noticias-en\/grupo-zaragoza-starts-work-on-the-grijota-i-solar-plant-50-mw-located-in-becerril-de-campos-palencia-2\/\"},\"wordCount\":198,\"publisher\":{\"@id\":\"https:\/\/www.grupozaragoza.com\/#organization\"},\"image\":{\"@id\":\"https:\/\/www.grupozaragoza.com\/en\/noticias-en\/grupo-zaragoza-starts-work-on-the-grijota-i-solar-plant-50-mw-located-in-becerril-de-campos-palencia-2\/#primaryimage\"},\"thumbnailUrl\":\"https:\/\/www.grupozaragoza.com\/wp-content\/uploads\/2024\/01\/image_12_2023_2.jpg\",\"articleSection\":[\"News\"],\"inLanguage\":\"en-US\"},{\"@type\":\"WebPage\",\"@id\":\"https:\/\/www.grupozaragoza.com\/en\/noticias-en\/grupo-zaragoza-starts-work-on-the-grijota-i-solar-plant-50-mw-located-in-becerril-de-campos-palencia-2\/\",\"url\":\"https:\/\/www.grupozaragoza.com\/en\/noticias-en\/grupo-zaragoza-starts-work-on-the-grijota-i-solar-plant-50-mw-located-in-becerril-de-campos-palencia-2\/\",\"name\":\"GRUPO ZARAGOZ\u00c1 STARTS WORK ON THE GRIJOTA I SOLAR PLANT (50 MW) LOCATED IN BECERRIL DE CAMPOS (PALENCIA) - Grupo Zaragoz\u00e1\",\"isPartOf\":{\"@id\":\"https:\/\/www.grupozaragoza.com\/#website\"},\"primaryImageOfPage\":{\"@id\":\"https:\/\/www.grupozaragoza.com\/en\/noticias-en\/grupo-zaragoza-starts-work-on-the-grijota-i-solar-plant-50-mw-located-in-becerril-de-campos-palencia-2\/#primaryimage\"},\"image\":{\"@id\":\"https:\/\/www.grupozaragoza.com\/en\/noticias-en\/grupo-zaragoza-starts-work-on-the-grijota-i-solar-plant-50-mw-located-in-becerril-de-campos-palencia-2\/#primaryimage\"},\"thumbnailUrl\":\"https:\/\/www.grupozaragoza.com\/wp-content\/uploads\/2024\/01\/image_12_2023_2.jpg\",\"datePublished\":\"2024-01-15T15:44:48+00:00\",\"dateModified\":\"2024-05-07T11:49:05+00:00\",\"breadcrumb\":{\"@id\":\"https:\/\/www.grupozaragoza.com\/en\/noticias-en\/grupo-zaragoza-starts-work-on-the-grijota-i-solar-plant-50-mw-located-in-becerril-de-campos-palencia-2\/#breadcrumb\"},\"inLanguage\":\"en-US\",\"potentialAction\":[{\"@type\":\"ReadAction\",\"target\":[\"https:\/\/www.grupozaragoza.com\/en\/noticias-en\/grupo-zaragoza-starts-work-on-the-grijota-i-solar-plant-50-mw-located-in-becerril-de-campos-palencia-2\/\"]}]},{\"@type\":\"ImageObject\",\"inLanguage\":\"en-US\",\"@id\":\"https:\/\/www.grupozaragoza.com\/en\/noticias-en\/grupo-zaragoza-starts-work-on-the-grijota-i-solar-plant-50-mw-located-in-becerril-de-campos-palencia-2\/#primaryimage\",\"url\":\"https:\/\/www.grupozaragoza.com\/wp-content\/uploads\/2024\/01\/image_12_2023_2.jpg\",\"contentUrl\":\"https:\/\/www.grupozaragoza.com\/wp-content\/uploads\/2024\/01\/image_12_2023_2.jpg\",\"width\":1600,\"height\":1200},{\"@type\":\"BreadcrumbList\",\"@id\":\"https:\/\/www.grupozaragoza.com\/en\/noticias-en\/grupo-zaragoza-starts-work-on-the-grijota-i-solar-plant-50-mw-located-in-becerril-de-campos-palencia-2\/#breadcrumb\",\"itemListElement\":[{\"@type\":\"ListItem\",\"position\":1,\"name\":\"Portada\",\"item\":\"https:\/\/www.grupozaragoza.com\/en\/\"},{\"@type\":\"ListItem\",\"position\":2,\"name\":\"GRUPO ZARAGOZ\u00c1 STARTS WORK ON THE GRIJOTA I SOLAR PLANT (50 MW) LOCATED IN BECERRIL DE CAMPOS (PALENCIA)\"}]},{\"@type\":\"WebSite\",\"@id\":\"https:\/\/www.grupozaragoza.com\/#website\",\"url\":\"https:\/\/www.grupozaragoza.com\/\",\"name\":\"Grupo Zaragoz\u00e1\",\"description\":\"Grupo Zaragoz\u00e1 desarrolla, construye (EPC) y mantiene (O&amp;M) Plantas Fotovoltaicas\",\"publisher\":{\"@id\":\"https:\/\/www.grupozaragoza.com\/#organization\"},\"potentialAction\":[{\"@type\":\"SearchAction\",\"target\":{\"@type\":\"EntryPoint\",\"urlTemplate\":\"https:\/\/www.grupozaragoza.com\/?s={search_term_string}\"},\"query-input\":{\"@type\":\"PropertyValueSpecification\",\"valueRequired\":true,\"valueName\":\"search_term_string\"}}],\"inLanguage\":\"en-US\"},{\"@type\":\"Organization\",\"@id\":\"https:\/\/www.grupozaragoza.com\/#organization\",\"name\":\"Grupo Zaragoz\u00e1\",\"url\":\"https:\/\/www.grupozaragoza.com\/\",\"logo\":{\"@type\":\"ImageObject\",\"inLanguage\":\"en-US\",\"@id\":\"https:\/\/www.grupozaragoza.com\/#\/schema\/logo\/image\/\",\"url\":\"https:\/\/www.grupozaragoza.com\/wp-content\/uploads\/2017\/08\/logo_zaragoza.png\",\"contentUrl\":\"https:\/\/www.grupozaragoza.com\/wp-content\/uploads\/2017\/08\/logo_zaragoza.png\",\"width\":676,\"height\":180,\"caption\":\"Grupo Zaragoz\u00e1\"},\"image\":{\"@id\":\"https:\/\/www.grupozaragoza.com\/#\/schema\/logo\/image\/\"},\"sameAs\":[\"https:\/\/www.linkedin.com\/company\/grupozaragoza\/\",\"https:\/\/www.instagram.com\/grupozaragoza_com\/\"]},{\"@type\":\"Person\",\"@id\":\"https:\/\/www.grupozaragoza.com\/#\/schema\/person\/2b474f9f35e88147d067c40a629f8a51\",\"name\":\"gzaragoza\",\"image\":{\"@type\":\"ImageObject\",\"inLanguage\":\"en-US\",\"@id\":\"https:\/\/www.grupozaragoza.com\/#\/schema\/person\/image\/\",\"url\":\"https:\/\/secure.gravatar.com\/avatar\/87a1ebb08397ef1f900abcb304ae9dea819aa4df5786593acd98220ba8696de5?s=96&d=mm&r=g\",\"contentUrl\":\"https:\/\/secure.gravatar.com\/avatar\/87a1ebb08397ef1f900abcb304ae9dea819aa4df5786593acd98220ba8696de5?s=96&d=mm&r=g\",\"caption\":\"gzaragoza\"},\"url\":\"https:\/\/www.grupozaragoza.com\/en\/author\/gzaragoza\/\"}]}<\/script>\n<!-- \/ Yoast SEO plugin. -->","yoast_head_json":{"title":"GRUPO ZARAGOZ\u00c1 STARTS WORK ON THE GRIJOTA I SOLAR PLANT (50 MW) LOCATED IN BECERRIL DE CAMPOS (PALENCIA) - Grupo Zaragoz\u00e1","robots":{"index":"index","follow":"follow","max-snippet":"max-snippet:-1","max-image-preview":"max-image-preview:large","max-video-preview":"max-video-preview:-1"},"canonical":"https:\/\/www.grupozaragoza.com\/en\/noticias-en\/grupo-zaragoza-starts-work-on-the-grijota-i-solar-plant-50-mw-located-in-becerril-de-campos-palencia-2\/","og_locale":"en_US","og_type":"article","og_title":"GRUPO ZARAGOZ\u00c1 STARTS WORK ON THE GRIJOTA I SOLAR PLANT (50 MW) LOCATED IN BECERRIL DE CAMPOS (PALENCIA) - Grupo Zaragoz\u00e1","og_description":"GRUPO ZARAGOZ\u00c1 began work on the GRIJOTA I solar plant located between the towns of Becerril de Campos, Villaumbrales and San Cebri\u00e1n de Campos (Palencia). Works are expected to be completed in the fourth quarter of 2024.","og_url":"https:\/\/www.grupozaragoza.com\/en\/noticias-en\/grupo-zaragoza-starts-work-on-the-grijota-i-solar-plant-50-mw-located-in-becerril-de-campos-palencia-2\/","og_site_name":"Grupo Zaragoz\u00e1","article_published_time":"2024-01-15T15:44:48+00:00","article_modified_time":"2024-05-07T11:49:05+00:00","og_image":[{"width":1600,"height":1200,"url":"https:\/\/www.grupozaragoza.com\/wp-content\/uploads\/2024\/01\/image_12_2023_2.jpg","type":"image\/jpeg"}],"author":"gzaragoza","twitter_card":"summary_large_image","twitter_misc":{"Written by":"gzaragoza","Est. reading time":"1 minute"},"schema":{"@context":"https:\/\/schema.org","@graph":[{"@type":"Article","@id":"https:\/\/www.grupozaragoza.com\/en\/noticias-en\/grupo-zaragoza-starts-work-on-the-grijota-i-solar-plant-50-mw-located-in-becerril-de-campos-palencia-2\/#article","isPartOf":{"@id":"https:\/\/www.grupozaragoza.com\/en\/noticias-en\/grupo-zaragoza-starts-work-on-the-grijota-i-solar-plant-50-mw-located-in-becerril-de-campos-palencia-2\/"},"author":{"name":"gzaragoza","@id":"https:\/\/www.grupozaragoza.com\/#\/schema\/person\/2b474f9f35e88147d067c40a629f8a51"},"headline":"GRUPO ZARAGOZ\u00c1 STARTS WORK ON THE GRIJOTA I SOLAR PLANT (50 MW) LOCATED IN BECERRIL DE CAMPOS (PALENCIA)","datePublished":"2024-01-15T15:44:48+00:00","dateModified":"2024-05-07T11:49:05+00:00","mainEntityOfPage":{"@id":"https:\/\/www.grupozaragoza.com\/en\/noticias-en\/grupo-zaragoza-starts-work-on-the-grijota-i-solar-plant-50-mw-located-in-becerril-de-campos-palencia-2\/"},"wordCount":198,"publisher":{"@id":"https:\/\/www.grupozaragoza.com\/#organization"},"image":{"@id":"https:\/\/www.grupozaragoza.com\/en\/noticias-en\/grupo-zaragoza-starts-work-on-the-grijota-i-solar-plant-50-mw-located-in-becerril-de-campos-palencia-2\/#primaryimage"},"thumbnailUrl":"https:\/\/www.grupozaragoza.com\/wp-content\/uploads\/2024\/01\/image_12_2023_2.jpg","articleSection":["News"],"inLanguage":"en-US"},{"@type":"WebPage","@id":"https:\/\/www.grupozaragoza.com\/en\/noticias-en\/grupo-zaragoza-starts-work-on-the-grijota-i-solar-plant-50-mw-located-in-becerril-de-campos-palencia-2\/","url":"https:\/\/www.grupozaragoza.com\/en\/noticias-en\/grupo-zaragoza-starts-work-on-the-grijota-i-solar-plant-50-mw-located-in-becerril-de-campos-palencia-2\/","name":"GRUPO ZARAGOZ\u00c1 STARTS WORK ON THE GRIJOTA I SOLAR PLANT (50 MW) LOCATED IN BECERRIL DE CAMPOS (PALENCIA) - Grupo Zaragoz\u00e1","isPartOf":{"@id":"https:\/\/www.grupozaragoza.com\/#website"},"primaryImageOfPage":{"@id":"https:\/\/www.grupozaragoza.com\/en\/noticias-en\/grupo-zaragoza-starts-work-on-the-grijota-i-solar-plant-50-mw-located-in-becerril-de-campos-palencia-2\/#primaryimage"},"image":{"@id":"https:\/\/www.grupozaragoza.com\/en\/noticias-en\/grupo-zaragoza-starts-work-on-the-grijota-i-solar-plant-50-mw-located-in-becerril-de-campos-palencia-2\/#primaryimage"},"thumbnailUrl":"https:\/\/www.grupozaragoza.com\/wp-content\/uploads\/2024\/01\/image_12_2023_2.jpg","datePublished":"2024-01-15T15:44:48+00:00","dateModified":"2024-05-07T11:49:05+00:00","breadcrumb":{"@id":"https:\/\/www.grupozaragoza.com\/en\/noticias-en\/grupo-zaragoza-starts-work-on-the-grijota-i-solar-plant-50-mw-located-in-becerril-de-campos-palencia-2\/#breadcrumb"},"inLanguage":"en-US","potentialAction":[{"@type":"ReadAction","target":["https:\/\/www.grupozaragoza.com\/en\/noticias-en\/grupo-zaragoza-starts-work-on-the-grijota-i-solar-plant-50-mw-located-in-becerril-de-campos-palencia-2\/"]}]},{"@type":"ImageObject","inLanguage":"en-US","@id":"https:\/\/www.grupozaragoza.com\/en\/noticias-en\/grupo-zaragoza-starts-work-on-the-grijota-i-solar-plant-50-mw-located-in-becerril-de-campos-palencia-2\/#primaryimage","url":"https:\/\/www.grupozaragoza.com\/wp-content\/uploads\/2024\/01\/image_12_2023_2.jpg","contentUrl":"https:\/\/www.grupozaragoza.com\/wp-content\/uploads\/2024\/01\/image_12_2023_2.jpg","width":1600,"height":1200},{"@type":"BreadcrumbList","@id":"https:\/\/www.grupozaragoza.com\/en\/noticias-en\/grupo-zaragoza-starts-work-on-the-grijota-i-solar-plant-50-mw-located-in-becerril-de-campos-palencia-2\/#breadcrumb","itemListElement":[{"@type":"ListItem","position":1,"name":"Portada","item":"https:\/\/www.grupozaragoza.com\/en\/"},{"@type":"ListItem","position":2,"name":"GRUPO ZARAGOZ\u00c1 STARTS WORK ON THE GRIJOTA I SOLAR PLANT (50 MW) LOCATED IN BECERRIL DE CAMPOS (PALENCIA)"}]},{"@type":"WebSite","@id":"https:\/\/www.grupozaragoza.com\/#website","url":"https:\/\/www.grupozaragoza.com\/","name":"Grupo Zaragoz\u00e1","description":"Grupo Zaragoz\u00e1 desarrolla, construye (EPC) y mantiene (O&amp;M) Plantas Fotovoltaicas","publisher":{"@id":"https:\/\/www.grupozaragoza.com\/#organization"},"potentialAction":[{"@type":"SearchAction","target":{"@type":"EntryPoint","urlTemplate":"https:\/\/www.grupozaragoza.com\/?s={search_term_string}"},"query-input":{"@type":"PropertyValueSpecification","valueRequired":true,"valueName":"search_term_string"}}],"inLanguage":"en-US"},{"@type":"Organization","@id":"https:\/\/www.grupozaragoza.com\/#organization","name":"Grupo Zaragoz\u00e1","url":"https:\/\/www.grupozaragoza.com\/","logo":{"@type":"ImageObject","inLanguage":"en-US","@id":"https:\/\/www.grupozaragoza.com\/#\/schema\/logo\/image\/","url":"https:\/\/www.grupozaragoza.com\/wp-content\/uploads\/2017\/08\/logo_zaragoza.png","contentUrl":"https:\/\/www.grupozaragoza.com\/wp-content\/uploads\/2017\/08\/logo_zaragoza.png","width":676,"height":180,"caption":"Grupo Zaragoz\u00e1"},"image":{"@id":"https:\/\/www.grupozaragoza.com\/#\/schema\/logo\/image\/"},"sameAs":["https:\/\/www.linkedin.com\/company\/grupozaragoza\/","https:\/\/www.instagram.com\/grupozaragoza_com\/"]},{"@type":"Person","@id":"https:\/\/www.grupozaragoza.com\/#\/schema\/person\/2b474f9f35e88147d067c40a629f8a51","name":"gzaragoza","image":{"@type":"ImageObject","inLanguage":"en-US","@id":"https:\/\/www.grupozaragoza.com\/#\/schema\/person\/image\/","url":"https:\/\/secure.gravatar.com\/avatar\/87a1ebb08397ef1f900abcb304ae9dea819aa4df5786593acd98220ba8696de5?s=96&d=mm&r=g","contentUrl":"https:\/\/secure.gravatar.com\/avatar\/87a1ebb08397ef1f900abcb304ae9dea819aa4df5786593acd98220ba8696de5?s=96&d=mm&r=g","caption":"gzaragoza"},"url":"https:\/\/www.grupozaragoza.com\/en\/author\/gzaragoza\/"}]}},"_links":{"self":[{"href":"https:\/\/www.grupozaragoza.com\/en\/wp-json\/wp\/v2\/posts\/10904","targetHints":{"allow":["GET"]}}],"collection":[{"href":"https:\/\/www.grupozaragoza.com\/en\/wp-json\/wp\/v2\/posts"}],"about":[{"href":"https:\/\/www.grupozaragoza.com\/en\/wp-json\/wp\/v2\/types\/post"}],"author":[{"embeddable":true,"href":"https:\/\/www.grupozaragoza.com\/en\/wp-json\/wp\/v2\/users\/2"}],"replies":[{"embeddable":true,"href":"https:\/\/www.grupozaragoza.com\/en\/wp-json\/wp\/v2\/comments?post=10904"}],"version-history":[{"count":5,"href":"https:\/\/www.grupozaragoza.com\/en\/wp-json\/wp\/v2\/posts\/10904\/revisions"}],"predecessor-version":[{"id":11612,"href":"https:\/\/www.grupozaragoza.com\/en\/wp-json\/wp\/v2\/posts\/10904\/revisions\/11612"}],"wp:featuredmedia":[{"embeddable":true,"href":"https:\/\/www.grupozaragoza.com\/en\/wp-json\/wp\/v2\/media\/10888"}],"wp:attachment":[{"href":"https:\/\/www.grupozaragoza.com\/en\/wp-json\/wp\/v2\/media?parent=10904"}],"wp:term":[{"taxonomy":"category","embeddable":true,"href":"https:\/\/www.grupozaragoza.com\/en\/wp-json\/wp\/v2\/categories?post=10904"},{"taxonomy":"post_tag","embeddable":true,"href":"https:\/\/www.grupozaragoza.com\/en\/wp-json\/wp\/v2\/tags?post=10904"}],"curies":[{"name":"wp","href":"https:\/\/api.w.org\/{rel}","templated":true}]}}